{"id":11619,"date":"2022-09-28T15:59:18","date_gmt":"2022-09-28T20:59:18","guid":{"rendered":"https:\/\/contrastes.com.co\/digital\/?p=11619"},"modified":"2022-09-28T16:01:02","modified_gmt":"2022-09-28T21:01:02","slug":"en-un-80-avanzan-las-obras-de-pavimentacion-del-barrio-la-viola-en-soledad","status":"publish","type":"post","link":"https:\/\/contrastes.com.co\/digital\/en-un-80-avanzan-las-obras-de-pavimentacion-del-barrio-la-viola-en-soledad\/","title":{"rendered":"En un 80% avanzan las obras de pavimentaci\u00f3n del barrio La Viola, en Soledad"},"content":{"rendered":"<p><strong>*En un 80% avanzan las obras de pavimentaci\u00f3n del barrio La Viola, en Soledad<\/strong><\/p>\n<blockquote><p><strong>\u00abEstamos visitando las obras para supervisar avances, escuchar a los vecinos y atender su quejas. De los 220 metros ya se han fundido 170, lo que demuestra que las obra est\u00e1 adelantada\u00bb, afirm\u00f3 Ucr\u00f3s Rosales.<\/strong><\/p><\/blockquote>\n<p><img loading=\"lazy\" decoding=\"async\" class=\"alignleft wp-image-8524\" src=\"https:\/\/contrastes.com.co\/digital\/wp-content\/uploads\/2022\/03\/l-capitular.png\" alt=\"l capitular\" width=\"52\" height=\"52\" srcset=\"https:\/\/contrastes.com.co\/digital\/wp-content\/uploads\/2022\/03\/l-capitular.png 150w, https:\/\/contrastes.com.co\/digital\/wp-content\/uploads\/2022\/03\/l-capitular-60x60.png 60w\" sizes=\"auto, (max-width: 52px) 100vw, 52px\" \/>as<strong> obras de pavimentaci\u00f3n de un sector del barrio La Viola<\/strong> avanzan a buen ritmo, as\u00ed lo corrobor\u00f3 el <strong>alcalde Rodolfo Ucr\u00f3s<\/strong> en una visita de supervisi\u00f3n que realiz\u00f3, donde constat\u00f3 que la ejecuci\u00f3n de los trabajos va en un 80%.<\/p>\n<p>Los habitantes de La Viola se beneficiar\u00e1n con la pavimentaci\u00f3n de 220 metros lineales de v\u00edas en la calle 56B, entre carreras 17 y 18. Esta intervenci\u00f3n se realiza en el marco del <strong>Programa de Pavimentaci\u00f3n, Construcci\u00f3n y Mejoramiento de la Red Vial, liderado por la Secretar\u00eda de Obras P\u00fablicas del municipio<\/strong>.<\/p>\n<p>\u00abEstamos visitando las obras para supervisar avances, escuchar a los vecinos y atender su quejas. De los 220 metros ya se han fundido 170, lo que demuestra que las obra est\u00e1 adelantada\u00bb, afirm\u00f3 Ucr\u00f3s Rosales.<\/p>\n<p>A su turno el <strong>secretario de Obras P\u00fablicas, Jaider Molina<\/strong>, se\u00f1al\u00f3 que las condiciones clim\u00e1ticas han mejorado, permitiendo jornadas de trabajo continuas. \u00abHemos aprovechado que en los d\u00edas anteriores no ha llovido y hemos avanzado en el trabajo. Este tramo quedar\u00e1 listo en las pr\u00f3ximas semanas\u00bb, destac\u00f3 el funcionario.<\/p>\n<p>Mientras tanto, el <strong>presidente de la Junta de Acci\u00f3n Comunal de La Viola, Oscar P\u00e9rez,<\/strong> reconoci\u00f3 la buena gesti\u00f3n de la administraci\u00f3n del alcalde Ucr\u00f3s con la inversi\u00f3n en el barrio. \u00abConstruyeron un parque, ahora se est\u00e1n pavimentando las v\u00edas. Esto nos ha cambiado la vida\u00bb, comentaba el l\u00edder en di\u00e1logo con el mandatario Ucr\u00f3s.<\/p>\n<p>Estas obras de pavimentaci\u00f3n ser\u00e1n complementadas con la intervenci\u00f3n de un segundo tramo de 130 metros lineales que se ejecutar\u00e1n en la carrera 17, entre calles 56B y 55 del barrio Las Colonias, empalmando el primer tramo en el barrio La Viola.<\/p>\n","protected":false},"excerpt":{"rendered":"<p>Las obras de pavimentaci\u00f3n de un sector del barrio La Viola avanzan a buen ritmo, as\u00ed lo corrobor\u00f3 el alcalde Rodolfo Ucr\u00f3s en una visita de supervisi\u00f3n que realiz\u00f3, donde constat\u00f3 que la ejecuci\u00f3n de los trabajos va en un 80%.<\/p>\n","protected":false},"author":1,"featured_media":11620,"comment_status":"open","ping_status":"open","sticky":false,"template":"","format":"standard","meta":{"footnotes":""},"categories":[756,2,3542],"tags":[5492,131,1149,421,38,395,3546,7494,7495,1848,1367,422,1175],"class_list":["post-11619","post","type-post","status-publish","format-standard","has-post-thumbnail","hentry","category-comunidad","category-locales","category-obras-publicas","tag-construccion-y-mejoramiento-de-la-red-vial","tag-alcalde-de-soledad","tag-barrio-la-viola","tag-jaider-molina","tag-municipio-de-soledad","tag-obras-de-pavimentacion","tag-oscar-perez","tag-presidente-de-la-junta-de-accion-comunal-de-la-viola","tag-programa-de-pavimentacion","tag-rodolfo-ucros-rosales","tag-secretaria-de-obras-publicas-de-soledad","tag-secretario-de-obras-publicas","tag-suroccidente-de-soledad"],"_links":{"self":[{"href":"https:\/\/contrastes.com.co\/digital\/wp-json\/wp\/v2\/posts\/11619","targetHints":{"allow":["GET"]}}],"collection":[{"href":"https:\/\/contrastes.com.co\/digital\/wp-json\/wp\/v2\/posts"}],"about":[{"href":"https:\/\/contrastes.com.co\/digital\/wp-json\/wp\/v2\/types\/post"}],"author":[{"embeddable":true,"href":"https:\/\/contrastes.com.co\/digital\/wp-json\/wp\/v2\/users\/1"}],"replies":[{"embeddable":true,"href":"https:\/\/contrastes.com.co\/digital\/wp-json\/wp\/v2\/comments?post=11619"}],"version-history":[{"count":1,"href":"https:\/\/contrastes.com.co\/digital\/wp-json\/wp\/v2\/posts\/11619\/revisions"}],"predecessor-version":[{"id":11621,"href":"https:\/\/contrastes.com.co\/digital\/wp-json\/wp\/v2\/posts\/11619\/revisions\/11621"}],"wp:featuredmedia":[{"embeddable":true,"href":"https:\/\/contrastes.com.co\/digital\/wp-json\/wp\/v2\/media\/11620"}],"wp:attachment":[{"href":"https:\/\/contrastes.com.co\/digital\/wp-json\/wp\/v2\/media?parent=11619"}],"wp:term":[{"taxonomy":"category","embeddable":true,"href":"https:\/\/contrastes.com.co\/digital\/wp-json\/wp\/v2\/categories?post=11619"},{"taxonomy":"post_tag","embeddable":true,"href":"https:\/\/contrastes.com.co\/digital\/wp-json\/wp\/v2\/tags?post=11619"}],"curies":[{"name":"wp","href":"https:\/\/api.w.org\/{rel}","templated":true}]}}