{"id":11690,"date":"2022-10-03T19:35:04","date_gmt":"2022-10-04T00:35:04","guid":{"rendered":"https:\/\/contrastes.com.co\/digital\/?p=11690"},"modified":"2022-10-03T19:35:04","modified_gmt":"2022-10-04T00:35:04","slug":"se-incrementaran-las-lluvias-esta-semana-en-el-caribe-colombiano-segun-el-ideam","status":"publish","type":"post","link":"https:\/\/contrastes.com.co\/digital\/se-incrementaran-las-lluvias-esta-semana-en-el-caribe-colombiano-segun-el-ideam\/","title":{"rendered":"Se incrementar\u00e1n las lluvias esta semana en el Caribe colombiano seg\u00fan el Ideam"},"content":{"rendered":"<p><strong>*Se incrementar\u00e1n las lluvias esta semana en el Caribe colombiano seg\u00fan el Ideam<\/strong><\/p>\n<blockquote><p><strong>Seg\u00fan el Ideam, durante esta semana se presentar\u00e1 abundante nubosidad y lluvias de moderadas a fuertes en los departamentos de Atl\u00e1ntico, Bol\u00edvar, Magdalena y Sucre, especialmente para los d\u00edas martes 4 y mi\u00e9rcoles 5 de octubre, acentu\u00e1ndose nuevamente los d\u00edas s\u00e1bado 8 y domingo 9.<\/strong><\/p><\/blockquote>\n<p><img loading=\"lazy\" decoding=\"async\" class=\"alignleft  wp-image-8529\" src=\"https:\/\/contrastes.com.co\/digital\/wp-content\/uploads\/2022\/03\/e-capitular.png\" alt=\"e capitular\" width=\"62\" height=\"62\" srcset=\"https:\/\/contrastes.com.co\/digital\/wp-content\/uploads\/2022\/03\/e-capitular.png 150w, https:\/\/contrastes.com.co\/digital\/wp-content\/uploads\/2022\/03\/e-capitular-60x60.png 60w\" sizes=\"auto, (max-width: 62px) 100vw, 62px\" \/>l <strong>Instituto de Hidrolog\u00eda, Meteorolog\u00eda y Estudios Ambientales (Ideam)<\/strong> anunci\u00f3 nuevas precipitaciones en la <strong>regi\u00f3n Caribe<\/strong>, produciendo un incremento significativo en las lluvias.<\/p>\n<p>Seg\u00fan el Ideam, durante esta semana se presentar\u00e1 abundante nubosidad y lluvias de moderadas a fuertes en los departamentos de Atl\u00e1ntico, Bol\u00edvar, Magdalena y Sucre, especialmente para los d\u00edas martes 4 y mi\u00e9rcoles 5 de octubre, acentu\u00e1ndose nuevamente los d\u00edas s\u00e1bado 8 y domingo 9.<\/p>\n<p>\u201cNo se descartan ocurrencia de descargas el\u00e9ctricas, acompa\u00f1adas en algunos casos de granizo y r\u00e1fagas de viento en momentos de lluvia intensa\u201d, agreg\u00f3 el Ideam.<\/p>\n<p>Se\u00f1al\u00f3 que las precipitaciones ocasionales se presentar\u00e1n en C\u00f3rdoba, Sierra Nevada de Santa Marta y La Guajira.<\/p>\n<p>Por su parte, en el Archipi\u00e9lago de San Andr\u00e9s, Providencia y Santa Catalina se prev\u00e9 lluvias de variada intensidad el martes 4 y mi\u00e9rcoles 5 de octubre, y se intensificar\u00e1n durante los d\u00edas viernes, s\u00e1bado y domingo.<\/p>\n<p>Finalmente, el instituto se\u00f1al\u00f3 que las alertas hidrol\u00f3gicas para este lunes se encuentran con crecientes s\u00fabitas en arroyos de Barranquilla y Soledad.<\/p>\n<p>Ante esto, el Ideam recomend\u00f3 estar atentos a los niveles de los r\u00edos y de la Ci\u00e9naga Mallorqu\u00edn.<\/p>\n","protected":false},"excerpt":{"rendered":"<p>El Instituto de Hidrolog\u00eda, Meteorolog\u00eda y Estudios Ambientales (Ideam) anunci\u00f3 nuevas precipitaciones en la regi\u00f3n Caribe, produciendo un incremento significativo en las lluvias.<\/p>\n","protected":false},"author":1,"featured_media":11691,"comment_status":"open","ping_status":"open","sticky":false,"template":"","format":"standard","meta":{"footnotes":""},"categories":[2,301,6],"tags":[7549,5620,5621,196],"class_list":["post-11690","post","type-post","status-publish","format-standard","has-post-thumbnail","hentry","category-locales","category-medio-ambiente","category-region","tag-incremento-lluvias","tag-instituto-de-hidrologia","tag-meteorologia-y-estudios-ambientales-ideam","tag-region-caribe"],"_links":{"self":[{"href":"https:\/\/contrastes.com.co\/digital\/wp-json\/wp\/v2\/posts\/11690","targetHints":{"allow":["GET"]}}],"collection":[{"href":"https:\/\/contrastes.com.co\/digital\/wp-json\/wp\/v2\/posts"}],"about":[{"href":"https:\/\/contrastes.com.co\/digital\/wp-json\/wp\/v2\/types\/post"}],"author":[{"embeddable":true,"href":"https:\/\/contrastes.com.co\/digital\/wp-json\/wp\/v2\/users\/1"}],"replies":[{"embeddable":true,"href":"https:\/\/contrastes.com.co\/digital\/wp-json\/wp\/v2\/comments?post=11690"}],"version-history":[{"count":1,"href":"https:\/\/contrastes.com.co\/digital\/wp-json\/wp\/v2\/posts\/11690\/revisions"}],"predecessor-version":[{"id":11692,"href":"https:\/\/contrastes.com.co\/digital\/wp-json\/wp\/v2\/posts\/11690\/revisions\/11692"}],"wp:featuredmedia":[{"embeddable":true,"href":"https:\/\/contrastes.com.co\/digital\/wp-json\/wp\/v2\/media\/11691"}],"wp:attachment":[{"href":"https:\/\/contrastes.com.co\/digital\/wp-json\/wp\/v2\/media?parent=11690"}],"wp:term":[{"taxonomy":"category","embeddable":true,"href":"https:\/\/contrastes.com.co\/digital\/wp-json\/wp\/v2\/categories?post=11690"},{"taxonomy":"post_tag","embeddable":true,"href":"https:\/\/contrastes.com.co\/digital\/wp-json\/wp\/v2\/tags?post=11690"}],"curies":[{"name":"wp","href":"https:\/\/api.w.org\/{rel}","templated":true}]}}