{"id":11770,"date":"2022-10-05T18:47:32","date_gmt":"2022-10-05T23:47:32","guid":{"rendered":"https:\/\/contrastes.com.co\/digital\/?p=11770"},"modified":"2022-10-05T18:47:32","modified_gmt":"2022-10-05T23:47:32","slug":"policia-pide-ayuda-a-la-comunidad-para-capturar-a-responsables-del-doble-homicidio-en-los-almendros","status":"publish","type":"post","link":"https:\/\/contrastes.com.co\/digital\/policia-pide-ayuda-a-la-comunidad-para-capturar-a-responsables-del-doble-homicidio-en-los-almendros\/","title":{"rendered":"Polic\u00eda pide ayuda a la comunidad para capturar a responsables del doble homicidio en Los Almendros"},"content":{"rendered":"<p><strong>*Polic\u00eda pide ayuda a la comunidad para capturar a responsables del doble homicidio en Los Almendros<\/strong><\/p>\n<blockquote><p><strong>Las v\u00edctimas fueron atacadas a tiros en el Polideportivo del barrio Los Almendros por hombres que se movilizaban en una motocicleta<\/strong><\/p><\/blockquote>\n<p><img loading=\"lazy\" decoding=\"async\" class=\"alignleft  wp-image-8524\" src=\"https:\/\/contrastes.com.co\/digital\/wp-content\/uploads\/2022\/03\/l-capitular.png\" alt=\"l capitular\" width=\"51\" height=\"51\" srcset=\"https:\/\/contrastes.com.co\/digital\/wp-content\/uploads\/2022\/03\/l-capitular.png 150w, https:\/\/contrastes.com.co\/digital\/wp-content\/uploads\/2022\/03\/l-capitular-60x60.png 60w\" sizes=\"auto, (max-width: 51px) 100vw, 51px\" \/>a Polic\u00eda Metropolitana precis\u00f3 que viene realizando las labores investigativas para lograr identificar y capturar a los responsables que en la noche anterior asesinaron a bala a <strong>Mart\u00edn Andr\u00e9s Polo Angulo, de 23 a\u00f1os; y F\u00e9lix Andr\u00e9s Berr\u00edo P\u00faa, de 25, quienes fueron ultimados en la calle 83B con carrera 14, barrio Los Almendros de Soledad.<\/strong><\/p>\n<p>\u201cFrente a los hechos ocurridos la noche anterior en donde el municipio de Soledad pierde la vida dos personas, la Polic\u00eda Nacional sigue de manera urgente con nuestro equipo investigativo recolectando todo el material probatorio necesario para dar con la captura de las personas que afectaron la vida de estos dos ciudadanos\u201d, dijo el <strong>teniente coronel \u00d3scar Olarte, comandante operativo (e) de la Polic\u00eda Metropolitana de Barranquilla.<\/strong><\/p>\n<p>El alto oficial solicit\u00f3 ayuda a la comunidad para que denuncie de manera an\u00f3nima a los responsables de este doble crimen.<\/p>\n<p>\u201cLa Polic\u00eda rechaza de manera contundente estos hechos de violencia que han venido afectando a la comunidad. Es as\u00ed como le pedimos a todas las personas que apoyen a su Polic\u00eda Nacional en la recolecci\u00f3n de informaci\u00f3n, por medio de la l\u00ednea 123 nos pueden suministrar de manera an\u00f3nima, garantizando su identidad. Para nosotros el apoyo de la comunidad es muy necesario\u201d, precis\u00f3 el alto oficial.<\/p>\n<p>Hay que recordar que los dos j\u00f3venes fueron atacados a tiros por hombres que se movilizaban en una motocicleta. Ambos fueron llevados a la Cl\u00ednica de Los Almendros, donde se confirm\u00f3 el deceso de los dos.<\/p>\n<p>&nbsp;<\/p>\n","protected":false},"excerpt":{"rendered":"<p>La Polic\u00eda Metropolitana precis\u00f3 que viene realizando las labores investigativas para lograr identificar y capturar a los responsables que en la noche anterior asesinaron a bala a Mart\u00edn Andr\u00e9s Polo Angulo, de 23 a\u00f1os; y F\u00e9lix Andr\u00e9s Berr\u00edo P\u00faa, de 25, quienes fueron ultimados en la calle 83B con carrera 14, barrio Los Almendros de Soledad.<\/p>\n","protected":false},"author":1,"featured_media":11771,"comment_status":"open","ping_status":"open","sticky":false,"template":"","format":"standard","meta":{"footnotes":""},"categories":[756,10,2],"tags":[6473,6571,7610,4879,1010,2599,7608,5164,7609],"class_list":["post-11770","post","type-post","status-publish","format-standard","has-post-thumbnail","hentry","category-comunidad","category-judicial","category-locales","tag-armas-de-fuego","tag-barrio-los-almendros","tag-comandante-operativo-e-de-la-policia-metropolitana-de-barranquilla","tag-doble-homicidio","tag-noroccidente-de-soledad","tag-policia-metropolitana-de-barranquilla","tag-polideportivo-de-los-almendros","tag-sicariato","tag-teniente-coronel-oscar-olarte"],"_links":{"self":[{"href":"https:\/\/contrastes.com.co\/digital\/wp-json\/wp\/v2\/posts\/11770","targetHints":{"allow":["GET"]}}],"collection":[{"href":"https:\/\/contrastes.com.co\/digital\/wp-json\/wp\/v2\/posts"}],"about":[{"href":"https:\/\/contrastes.com.co\/digital\/wp-json\/wp\/v2\/types\/post"}],"author":[{"embeddable":true,"href":"https:\/\/contrastes.com.co\/digital\/wp-json\/wp\/v2\/users\/1"}],"replies":[{"embeddable":true,"href":"https:\/\/contrastes.com.co\/digital\/wp-json\/wp\/v2\/comments?post=11770"}],"version-history":[{"count":1,"href":"https:\/\/contrastes.com.co\/digital\/wp-json\/wp\/v2\/posts\/11770\/revisions"}],"predecessor-version":[{"id":11772,"href":"https:\/\/contrastes.com.co\/digital\/wp-json\/wp\/v2\/posts\/11770\/revisions\/11772"}],"wp:featuredmedia":[{"embeddable":true,"href":"https:\/\/contrastes.com.co\/digital\/wp-json\/wp\/v2\/media\/11771"}],"wp:attachment":[{"href":"https:\/\/contrastes.com.co\/digital\/wp-json\/wp\/v2\/media?parent=11770"}],"wp:term":[{"taxonomy":"category","embeddable":true,"href":"https:\/\/contrastes.com.co\/digital\/wp-json\/wp\/v2\/categories?post=11770"},{"taxonomy":"post_tag","embeddable":true,"href":"https:\/\/contrastes.com.co\/digital\/wp-json\/wp\/v2\/tags?post=11770"}],"curies":[{"name":"wp","href":"https:\/\/api.w.org\/{rel}","templated":true}]}}