{"id":11823,"date":"2022-10-11T13:28:33","date_gmt":"2022-10-11T18:28:33","guid":{"rendered":"https:\/\/contrastes.com.co\/digital\/?p=11823"},"modified":"2022-10-11T13:28:33","modified_gmt":"2022-10-11T18:28:33","slug":"air-e-confirmo-rebaja-del-565-en-la-tarifa-de-energia-a-partir-de-noviembre","status":"publish","type":"post","link":"https:\/\/contrastes.com.co\/digital\/air-e-confirmo-rebaja-del-565-en-la-tarifa-de-energia-a-partir-de-noviembre\/","title":{"rendered":"Air-e confirm\u00f3 rebaja del 5,65% en la tarifa de energ\u00eda a partir de noviembre"},"content":{"rendered":"<p><strong>*Air-e confirm\u00f3 rebaja del 5,65% en la tarifa de energ\u00eda a partir de noviembre<\/strong><\/p>\n<blockquote><p><strong>\u201cAnuncio de rebaja de tarifas de energ\u00eda es un paso m\u00e1s en la direcci\u00f3n correcta, pero a\u00fan tenemos un largo camino por delante\u201d: alcalde Pumarejo.<\/strong><\/p>\n<p><strong>La directora de Asocentro, Dina Luz Pardo, afirm\u00f3 que esta rebaja \u00abes algo mezquina\u00bb, al tiempo que el presidente de la Liga de Usuarios de Servicios P\u00fablicos en el Atl\u00e1ntico, Norman Alarc\u00f3n, se refiri\u00f3 a la misma como \u00abuna burla\u00bb.<\/strong><\/p><\/blockquote>\n<p><img loading=\"lazy\" decoding=\"async\" class=\"alignleft  wp-image-8524\" src=\"https:\/\/contrastes.com.co\/digital\/wp-content\/uploads\/2022\/03\/l-capitular.png\" alt=\"l capitular\" width=\"60\" height=\"60\" srcset=\"https:\/\/contrastes.com.co\/digital\/wp-content\/uploads\/2022\/03\/l-capitular.png 150w, https:\/\/contrastes.com.co\/digital\/wp-content\/uploads\/2022\/03\/l-capitular-60x60.png 60w\" sizes=\"auto, (max-width: 60px) 100vw, 60px\" \/>a lucha que abandera el <strong>alcalde Jaime Pumarejo<\/strong> para que la regi\u00f3n Caribe y los barranquilleros paguen tarifas justas de energ\u00eda sigue en pie. Frente al reciente anuncio de la empresa de energ\u00eda Air-e de empezar a disminuir las tarifas desde el mes de noviembre, el mandatario sostuvo que es un avance positivo que indica que la lucha va en la direcci\u00f3n correcta. Sin embargo, es claro en resaltar que a\u00fan faltan m\u00e1s esfuerzos para lograr reducir el componente de p\u00e9rdidas no t\u00e9cnicas que se le est\u00e1 cobrando al Caribe colombiano, y que termina siendo injusto y afectando a los usuarios del servicio.<\/p>\n<p>El alcalde afirma que \u201cel gobierno inici\u00f3 estos di\u00e1logos y hoy se da un importante hito que empezar\u00e1 con unas reducciones en la tarifa, pero todav\u00eda tenemos un largo camino que trasegar para lograr reducir el componente de p\u00e9rdidas no t\u00e9cnicas que se nos est\u00e1 cobrando en las facturas a los habitantes del Caribe colombiano\u201d.<\/p>\n<p>Esta cruzada, que ha abanderado el alcalde de los barranquilleros desde hace m\u00e1s de un a\u00f1o, ya est\u00e1 arrojando resultados, pero afirma que a\u00fan queda trabajo arduo por delante. \u201cEl Congreso tiene una oportunidad hist\u00f3rica: si va a implantar una sobretasa a las utilidades del sector hidroel\u00e9ctrico es importante que esa sobretasa sea destinada para los subsidios en las regiones m\u00e1s desfavorecidas o con menor infraestructura el\u00e9ctrica, con m\u00e1s estratos 1 y 2, es por eso que el Caribe colombiano necesita que esa contraprestaci\u00f3n llegue al Caribe y a otras zonas menos favorecidas del pa\u00eds\u201d.<\/p>\n<p>Muchas han sido las acciones, reuniones, peticiones y propuestas que el alcalde ha transmitido a los distintos actores que intervienen en el sector.<\/p>\n<p>\u201cEs un importante hito, que arranc\u00f3 hace un a\u00f1o con las primeras reuniones con la Superintendencia, con los mensajes al Gobierno nacional, luego con la demanda que interpusimos el primer semestre de este a\u00f1o, pero queremos que concluya poni\u00e9ndonos todos de acuerdo y logrando esa bajada de tarifa\u201d, apunt\u00f3 Pumarejo.<\/p>\n<h3><strong>El descuento de Air-e<\/strong><\/h3>\n<p>El gerente de la empresa Air-e, John Jairo Toro, confirm\u00f3 este martes que la tarifa de energ\u00eda del mes de noviembre, disminuir\u00e1 un 5,65 %. \u00abLa disminuci\u00f3n del mes de noviembre va a ser de 50 pesos por kilovatio hora\u00bb, asegur\u00f3 el directivo.<\/p>\n<p>Record\u00f3 que la rebaja se dar\u00e1 de forma gradual. Eso s\u00ed, Toro puntualiz\u00f3 que el descuento de 5, 65% es el \u00abtotal\u00bb. No obstante, sobre el cobro de p\u00e9rdidas de energ\u00eda, el gerente de Air-e inform\u00f3 que se \u00abcomponente se mantiene\u00bb.<\/p>\n<p><strong>La directora de Asocentro, Dina Luz Pardo, afirm\u00f3 que esta rebaja \u00abes algo mezquina\u00bb, al tiempo que el presidente de la Liga de Usuarios de Servicios P\u00fablicos en el Atl\u00e1ntico, Norman Alarc\u00f3n, se refiri\u00f3 a la misma como \u00abuna burla\u00bb.<\/strong><\/p>\n","protected":false},"excerpt":{"rendered":"<p>La lucha que abandera el alcalde Jaime Pumarejo para que la regi\u00f3n Caribe y los barranquilleros paguen tarifas justas de energ\u00eda sigue en pie. Frente al reciente anuncio de la empresa de energ\u00eda Air-e de empezar a disminuir las tarifas desde el mes de noviembre, el mandatario sostuvo que es un avance positivo que indica que la lucha va en la direcci\u00f3n correcta. Sin embargo, es claro en resaltar que a\u00fan faltan m\u00e1s esfuerzos para lograr reducir el componente de p\u00e9rdidas no t\u00e9cnicas que se le est\u00e1 cobrando al Caribe colombiano, y que termina siendo injusto y afectando a los usuarios del servicio.<\/p>\n","protected":false},"author":1,"featured_media":11824,"comment_status":"open","ping_status":"open","sticky":false,"template":"","format":"standard","meta":{"footnotes":""},"categories":[2,6,2065],"tags":[1689,1558,7103,7104,1125,7107,7650,7649],"class_list":["post-11823","post","type-post","status-publish","format-standard","has-post-thumbnail","hentry","category-locales","category-region","category-servicios-publicos","tag-air-e","tag-alcalde-de-barranquilla","tag-dina-luz-pardo","tag-directora-de-asocentro","tag-jaime-pumarejo","tag-norman-alarcon","tag-presidente-de-la-liga-de-usuarios-de-servicios-publicos-en-el-atlantico","tag-rebaja"],"_links":{"self":[{"href":"https:\/\/contrastes.com.co\/digital\/wp-json\/wp\/v2\/posts\/11823","targetHints":{"allow":["GET"]}}],"collection":[{"href":"https:\/\/contrastes.com.co\/digital\/wp-json\/wp\/v2\/posts"}],"about":[{"href":"https:\/\/contrastes.com.co\/digital\/wp-json\/wp\/v2\/types\/post"}],"author":[{"embeddable":true,"href":"https:\/\/contrastes.com.co\/digital\/wp-json\/wp\/v2\/users\/1"}],"replies":[{"embeddable":true,"href":"https:\/\/contrastes.com.co\/digital\/wp-json\/wp\/v2\/comments?post=11823"}],"version-history":[{"count":1,"href":"https:\/\/contrastes.com.co\/digital\/wp-json\/wp\/v2\/posts\/11823\/revisions"}],"predecessor-version":[{"id":11825,"href":"https:\/\/contrastes.com.co\/digital\/wp-json\/wp\/v2\/posts\/11823\/revisions\/11825"}],"wp:featuredmedia":[{"embeddable":true,"href":"https:\/\/contrastes.com.co\/digital\/wp-json\/wp\/v2\/media\/11824"}],"wp:attachment":[{"href":"https:\/\/contrastes.com.co\/digital\/wp-json\/wp\/v2\/media?parent=11823"}],"wp:term":[{"taxonomy":"category","embeddable":true,"href":"https:\/\/contrastes.com.co\/digital\/wp-json\/wp\/v2\/categories?post=11823"},{"taxonomy":"post_tag","embeddable":true,"href":"https:\/\/contrastes.com.co\/digital\/wp-json\/wp\/v2\/tags?post=11823"}],"curies":[{"name":"wp","href":"https:\/\/api.w.org\/{rel}","templated":true}]}}