{"id":11878,"date":"2022-10-13T17:45:49","date_gmt":"2022-10-13T22:45:49","guid":{"rendered":"https:\/\/contrastes.com.co\/digital\/?p=11878"},"modified":"2022-10-13T17:45:49","modified_gmt":"2022-10-13T22:45:49","slug":"transito-de-soledad-habilita-atencion-al-publico-este-sabado-25-de-octubre","status":"publish","type":"post","link":"https:\/\/contrastes.com.co\/digital\/transito-de-soledad-habilita-atencion-al-publico-este-sabado-25-de-octubre\/","title":{"rendered":"Tr\u00e1nsito de Soledad habilita atenci\u00f3n al p\u00fablico este s\u00e1bado 25 de octubre"},"content":{"rendered":"<p><strong>*Tr\u00e1nsito habilita atenci\u00f3n al p\u00fablico este s\u00e1bado, 25 de octubre<\/strong><\/p>\n<blockquote><p><strong>Este s\u00e1bado, 15 de octubre los ciudadanos podr\u00e1n llevar a cabo la liquidaci\u00f3n y pago de comparendos, adquisici\u00f3n de cursos para la obtenci\u00f3n del 50% de descuento, salidas de veh\u00edculos, licencias de conducci\u00f3n, liquidaci\u00f3n de derechos de tr\u00e1nsito, entre otros.<\/strong><\/p><\/blockquote>\n<p><img loading=\"lazy\" decoding=\"async\" class=\"alignleft  wp-image-8529\" src=\"https:\/\/contrastes.com.co\/digital\/wp-content\/uploads\/2022\/03\/e-capitular.png\" alt=\"e capitular\" width=\"66\" height=\"66\" srcset=\"https:\/\/contrastes.com.co\/digital\/wp-content\/uploads\/2022\/03\/e-capitular.png 150w, https:\/\/contrastes.com.co\/digital\/wp-content\/uploads\/2022\/03\/e-capitular-60x60.png 60w\" sizes=\"auto, (max-width: 66px) 100vw, 66px\" \/>l <strong>director del Instituto de Tr\u00e1nsito y Transporte de Soledad, Jes\u00fas Montenegro Ternera<\/strong>, anunci\u00f3 la realizaci\u00f3n de una jornada de atenci\u00f3n especial para aquellos conductores que\u00a0 tienen tr\u00e1mites contravencionales y comerciales pendientes por realizar.<\/p>\n<p>Este s\u00e1bado, 15 de octubre los ciudadanos podr\u00e1n llevar a cabo la liquidaci\u00f3n y pago de comparendos, adquisici\u00f3n de cursos para la obtenci\u00f3n del 50% de descuento, salidas de veh\u00edculos, licencias de conducci\u00f3n, liquidaci\u00f3n de derechos de tr\u00e1nsito, entre otros.<\/p>\n<p>\u201cInvitamos a todos los ciudadanos a participar de esta jornada especial en el horario comprendido entre las 8:00 de la ma\u00f1ana y las 12 del mediod\u00eda.\u00a0 Deber\u00e1n asistir a la sede comercial del instituto y tomar un turno digital de acuerdo al tr\u00e1mite a realizar\u201d, explic\u00f3 el funcionario.<\/p>\n<p>La sede comercial del ente est\u00e1 ubicada en el segundo piso del <strong>Centro Comercial Nuestro Atl\u00e1ntico<\/strong>.<\/p>\n","protected":false},"excerpt":{"rendered":"<p>El director del Instituto de Tr\u00e1nsito y Transporte de Soledad, Jes\u00fas Montenegro Ternera, anunci\u00f3 la realizaci\u00f3n de una jornada de atenci\u00f3n especial para aquellos conductores que\u00a0 tienen tr\u00e1mites contravencionales y comerciales pendientes por realizar.<\/p>\n","protected":false},"author":1,"featured_media":11879,"comment_status":"open","ping_status":"open","sticky":false,"template":"","format":"standard","meta":{"footnotes":""},"categories":[2,4956,622],"tags":[7682,3172,4242,627,4241,7684,7685,38,7683],"class_list":["post-11878","post","type-post","status-publish","format-standard","has-post-thumbnail","hentry","category-locales","category-tramites","category-transporte","tag-atencion-al-publico","tag-centro-comercial-nuestro-atlantico","tag-director-del-instituto-de-transito-y-transporte-de-soledad","tag-imttrasol","tag-jesus-montenegro-ternera","tag-licencias-de-conduccion","tag-liquidacion-de-derechos-de-transito","tag-municipio-de-soledad","tag-salidas-de-vehiculos"],"_links":{"self":[{"href":"https:\/\/contrastes.com.co\/digital\/wp-json\/wp\/v2\/posts\/11878","targetHints":{"allow":["GET"]}}],"collection":[{"href":"https:\/\/contrastes.com.co\/digital\/wp-json\/wp\/v2\/posts"}],"about":[{"href":"https:\/\/contrastes.com.co\/digital\/wp-json\/wp\/v2\/types\/post"}],"author":[{"embeddable":true,"href":"https:\/\/contrastes.com.co\/digital\/wp-json\/wp\/v2\/users\/1"}],"replies":[{"embeddable":true,"href":"https:\/\/contrastes.com.co\/digital\/wp-json\/wp\/v2\/comments?post=11878"}],"version-history":[{"count":1,"href":"https:\/\/contrastes.com.co\/digital\/wp-json\/wp\/v2\/posts\/11878\/revisions"}],"predecessor-version":[{"id":11880,"href":"https:\/\/contrastes.com.co\/digital\/wp-json\/wp\/v2\/posts\/11878\/revisions\/11880"}],"wp:featuredmedia":[{"embeddable":true,"href":"https:\/\/contrastes.com.co\/digital\/wp-json\/wp\/v2\/media\/11879"}],"wp:attachment":[{"href":"https:\/\/contrastes.com.co\/digital\/wp-json\/wp\/v2\/media?parent=11878"}],"wp:term":[{"taxonomy":"category","embeddable":true,"href":"https:\/\/contrastes.com.co\/digital\/wp-json\/wp\/v2\/categories?post=11878"},{"taxonomy":"post_tag","embeddable":true,"href":"https:\/\/contrastes.com.co\/digital\/wp-json\/wp\/v2\/tags?post=11878"}],"curies":[{"name":"wp","href":"https:\/\/api.w.org\/{rel}","templated":true}]}}