{"id":11893,"date":"2022-10-13T18:30:19","date_gmt":"2022-10-13T23:30:19","guid":{"rendered":"https:\/\/contrastes.com.co\/digital\/?p=11893"},"modified":"2022-10-13T18:30:19","modified_gmt":"2022-10-13T23:30:19","slug":"el-cuello-de-botella-de-miles-de-venezolanos-en-colombia-en-su-ruta-a-eeuu-fotos","status":"publish","type":"post","link":"https:\/\/contrastes.com.co\/digital\/el-cuello-de-botella-de-miles-de-venezolanos-en-colombia-en-su-ruta-a-eeuu-fotos\/","title":{"rendered":"\u201cEl cuello de botella\u201d de miles de venezolanos en Colombia en su ruta a EEUU (Fotos)"},"content":{"rendered":"<p><strong>*\u201cEl cuello de botella\u201d de miles de venezolanos en Colombia en su ruta a EEUU (Fotos)<\/strong><\/p>\n<blockquote><p><strong>\u00bfQu\u00e9 lleva a miles de venezolanos a dejar todo tras de s\u00ed para intentar una peligrosa traves\u00eda que podr\u00eda resultar mortal en la b\u00fasqueda de mejores condiciones para vivir? \u00bfPorqu\u00e9 si las cosas andan bien en Venezuela y la econom\u00eda del pa\u00eds bolivariano est\u00e1 repuntando observamos estas dram\u00e1ticas im\u00e1genes? \u00bfQui\u00e9n miente?<\/strong><\/p><\/blockquote>\n<p><img loading=\"lazy\" decoding=\"async\" class=\"alignleft  wp-image-8529\" src=\"https:\/\/contrastes.com.co\/digital\/wp-content\/uploads\/2022\/03\/e-capitular.png\" alt=\"e capitular\" width=\"67\" height=\"67\" srcset=\"https:\/\/contrastes.com.co\/digital\/wp-content\/uploads\/2022\/03\/e-capitular.png 150w, https:\/\/contrastes.com.co\/digital\/wp-content\/uploads\/2022\/03\/e-capitular-60x60.png 60w\" sizes=\"auto, (max-width: 67px) 100vw, 67px\" \/>l puerto colombiano de Necocl\u00ed es un \u201ccuello de botella\u201d. Unos 9.000 migrantes, la mayor\u00eda venezolanos, esperan api\u00f1ados su turno para cruzar la peligrosa selva del Dari\u00e9n y seguir la ruta hacia Estados Unidos. <strong>\u201cAll\u00e1 en Venezuela la situaci\u00f3n est\u00e1 demasiado dif\u00edcil. Vengo con mi esposo, vengo con mis cinco hijos menores de edad, una de mis hijas est\u00e1 embarazada\u201d,<\/strong> dice angustiada Tibisay Luna a la AFP, de cabello recogido en dos trenzas.<\/p>\n<p>Monta\u00f1as de valijas, fogones improvisados, rostros exhaustos. La poblaci\u00f3n es un campamento a cielo abierto en el noroeste de Colombia.<\/p>\n<figure id=\"attachment_11897\" aria-describedby=\"caption-attachment-11897\" style=\"width: 640px\" class=\"wp-caption aligncenter\"><img loading=\"lazy\" decoding=\"async\" class=\"wp-image-11897 size-full\" src=\"https:\/\/contrastes.com.co\/digital\/wp-content\/uploads\/2022\/10\/vene-3.jpg\" alt=\"vene to usa 3\" width=\"640\" height=\"421\" srcset=\"https:\/\/contrastes.com.co\/digital\/wp-content\/uploads\/2022\/10\/vene-3.jpg 640w, https:\/\/contrastes.com.co\/digital\/wp-content\/uploads\/2022\/10\/vene-3-300x197.jpg 300w\" sizes=\"auto, (max-width: 640px) 100vw, 640px\" \/><figcaption id=\"caption-attachment-11897\" class=\"wp-caption-text\">Migrantes varados acampan en una playa mientras esperan subirse a un bote en la ciudad portuaria colombiana de Necocl\u00ed, para cruzar a la vecina Panam\u00e1 y continuar su viaje hacia los Estados Unidos, el 11 de octubre de 2022. \u2013 Miles de migrantes con destino a los Estados Unidos, en su mayor\u00eda de Venezuela, permanecen varados en Necocl\u00ed mientras esperan que los barcos los crucen hacia la vecina Panam\u00e1 para continuar su peligroso viaje hacia el norte. (Foto de Danilo GOMEZ \/ AFP)<\/figcaption><\/figure>\n<p><strong>Todos esperan atravesar el Tap\u00f3n del Dari\u00e9n, un corredor selv\u00e1tico de 266 km entre Colombia y Panam\u00e1. Es el infierno, rumoran, por su geograf\u00eda inexpugnable y la amenaza de grupos armados.<\/strong><\/p>\n<p>\u201cNecocl\u00ed es un cuello de botella donde ya los migrantes no pueden seguir porque tienen que coger un tiquete (de barco) y muchos no tienen recursos\u201d, explica <strong>Wilfrido Menco, defensor de derechos humanos<\/strong> en la zona.<\/p>\n<p><img loading=\"lazy\" decoding=\"async\" class=\"size-full wp-image-11900 aligncenter\" src=\"https:\/\/contrastes.com.co\/digital\/wp-content\/uploads\/2022\/10\/vene-5.jpg\" alt=\"vene to usa 5\" width=\"640\" height=\"426\" srcset=\"https:\/\/contrastes.com.co\/digital\/wp-content\/uploads\/2022\/10\/vene-5.jpg 640w, https:\/\/contrastes.com.co\/digital\/wp-content\/uploads\/2022\/10\/vene-5-300x200.jpg 300w\" sizes=\"auto, (max-width: 640px) 100vw, 640px\" \/><\/p>\n<p>Unos 150.000 migrantes han cruzado hacia Centroam\u00e9rica en lo que va del a\u00f1o, una cifra que ya sobrepas\u00f3 los 134.000 de todo 2021, seg\u00fan la Defensor\u00eda del Pueblo (\u00f3mbudsman).<\/p>\n<p>La entidad calcula que 9.000 est\u00e1n represados en Necocl\u00ed, la mayor\u00eda venezolanos que huyeron de la crisis en su pa\u00eds.<\/p>\n<p>\u201cMucho tiempo de trabajo ac\u00e1 en Colombia para uno poder juntar (dinero) para irse a buscar no un sue\u00f1o, es un sacrificio que uno hace para poder ayudar a la familia en Venezuela\u201d, sostiene Luis Santos, varado en este caluroso pueblo de unos 45.000 habitantes.<\/p>\n<figure id=\"attachment_11894\" aria-describedby=\"caption-attachment-11894\" style=\"width: 640px\" class=\"wp-caption aligncenter\"><img loading=\"lazy\" decoding=\"async\" class=\"wp-image-11894 size-full\" src=\"https:\/\/contrastes.com.co\/digital\/wp-content\/uploads\/2022\/10\/vene-2.jpg\" alt=\"vene to usa 2\" width=\"640\" height=\"426\" srcset=\"https:\/\/contrastes.com.co\/digital\/wp-content\/uploads\/2022\/10\/vene-2.jpg 640w, https:\/\/contrastes.com.co\/digital\/wp-content\/uploads\/2022\/10\/vene-2-300x200.jpg 300w\" sizes=\"auto, (max-width: 640px) 100vw, 640px\" \/><figcaption id=\"caption-attachment-11894\" class=\"wp-caption-text\">Migrantes varados cocinan mientras esperan subir a un bote en la ciudad portuaria colombiana de Necocl\u00ed, para cruzar a la vecina Panam\u00e1 y continuar su viaje hacia los Estados Unidos, el 11 de octubre de 2022. \u2013 Miles de migrantes con destino a los Estados Unidos, en su mayor\u00eda de Venezuela , permanecen varados en Necocl\u00ed mientras esperan que los barcos los crucen hacia la vecina Panam\u00e1 para continuar su peligroso viaje hacia el norte. (Foto de Danilo GOMEZ \/ AFP)<\/figcaption><\/figure>\n<h3>A las puertas del \u201cinfierno\u201d<\/h3>\n<p>La traves\u00eda clandestina por el Dari\u00e9n suele durar cinco o seis d\u00edas a merced de todo tipo de inclemencias: serpientes, pantanos y narcotraficantes que usan estas rutas para llevar coca\u00edna a Centroam\u00e9rica.<\/p>\n<p>\u201cHay muchas cosas que han dicho del Dari\u00e9n. Pero si la mayor\u00eda pasa, yo tengo que vivir la experiencia. Algunos salen vivos, no s\u00e9 los dem\u00e1s\u201d, comenta Kimberly Rivero.<\/p>\n<p>Hasta el a\u00f1o pasado eran ciudadanos haitianos quienes integraban la mayor parte de los migrantes en esta zona.<\/p>\n<figure id=\"attachment_11895\" aria-describedby=\"caption-attachment-11895\" style=\"width: 640px\" class=\"wp-caption aligncenter\"><img loading=\"lazy\" decoding=\"async\" class=\"wp-image-11895 size-full\" src=\"https:\/\/contrastes.com.co\/digital\/wp-content\/uploads\/2022\/10\/vene-6.jpg\" alt=\"vene to usa 6\" width=\"640\" height=\"426\" srcset=\"https:\/\/contrastes.com.co\/digital\/wp-content\/uploads\/2022\/10\/vene-6.jpg 640w, https:\/\/contrastes.com.co\/digital\/wp-content\/uploads\/2022\/10\/vene-6-300x200.jpg 300w\" sizes=\"auto, (max-width: 640px) 100vw, 640px\" \/><figcaption id=\"caption-attachment-11895\" class=\"wp-caption-text\">Migrantes varados esperan para subirse a un bote en la ciudad portuaria colombiana de Necocl\u00ed, para cruzar a la vecina Panam\u00e1 y continuar su viaje hacia los Estados Unidos, el 11 de octubre de 2022. \u2013 Miles de migrantes con destino a los Estados Unidos, en su mayor\u00eda de Venezuela, siguen varados en Necocl\u00ed mientras esperan que los barcos los crucen hacia la vecina Panam\u00e1 para continuar su peligroso viaje hacia el norte. (Foto de Danilo GOMEZ \/ AFP)<\/figcaption><\/figure>\n<p>Seg\u00fan autoridades paname\u00f1as, de 2.800 venezolanos que transitaron la selva el a\u00f1o pasado, los casos se dispararon a m\u00e1s de 114.000 en lo que va del 2022.<\/p>\n<p>\u201cEstamos esperando que nos llamen para agarrar el mar y cruzar la selva (\u2026) estamos rindiendo la comida, estir\u00e1ndola como un chicle\u201d, dice el m\u00fasico Ram\u00f3n Delgado, que lleva consigo un g\u00fciro, un instrumento que suena cuando se raspa.<\/p>\n<p><img loading=\"lazy\" decoding=\"async\" class=\"size-full wp-image-11899 aligncenter\" src=\"https:\/\/contrastes.com.co\/digital\/wp-content\/uploads\/2022\/10\/vene-4.jpg\" alt=\"vene to usa 4\" width=\"640\" height=\"426\" srcset=\"https:\/\/contrastes.com.co\/digital\/wp-content\/uploads\/2022\/10\/vene-4.jpg 640w, https:\/\/contrastes.com.co\/digital\/wp-content\/uploads\/2022\/10\/vene-4-300x200.jpg 300w\" sizes=\"auto, (max-width: 640px) 100vw, 640px\" \/><\/p>\n<p>El representante de la ONU para refugiados y migrantes venezolanos, Eduardo Stein, pidi\u00f3 este mi\u00e9rcoles \u201capoyo urgente\u201d de la comunidad internacional para enfrentar este \u00e9xodo.<\/p>\n<blockquote><p><strong>De los m\u00e1s de 6 millones de venezolanos que han migrado desde 2015, 2,4 millones est\u00e1n en Colombia, seg\u00fan cifras oficiales.<\/strong><\/p><\/blockquote>\n<p>\u201c<strong>Se trata del movimiento forzado de personas m\u00e1s grande de la historia del subcontinente<\/strong>, de un pa\u00eds que no est\u00e1 en guerra y de un pa\u00eds de los mejor dotados econ\u00f3micamente de todo el subcontinente\u201d, precis\u00f3 Stein desde Panam\u00e1. AFP<\/p>\n","protected":false},"excerpt":{"rendered":"<p>El puerto colombiano de Necocl\u00ed es un \u201ccuello de botella\u201d. Unos 9.000 migrantes, la mayor\u00eda venezolanos, esperan api\u00f1ados su turno para cruzar la peligrosa selva del Dari\u00e9n y seguir la ruta hacia Estados Unidos. \u201cAll\u00e1 en Venezuela la situaci\u00f3n est\u00e1 demasiado dif\u00edcil. Vengo con mi esposo, vengo con mis cinco hijos menores de edad, una de mis hijas est\u00e1 embarazada\u201d, dice angustiada Tibisay Luna a la AFP, de cabello recogido en dos trenzas.<\/p>\n","protected":false},"author":1,"featured_media":11896,"comment_status":"open","ping_status":"open","sticky":false,"template":"","format":"standard","meta":{"footnotes":""},"categories":[3515,3373,11,4],"tags":[7697,7696,1314,7695,7698,7699,7700],"class_list":["post-11893","post","type-post","status-publish","format-standard","has-post-thumbnail","hentry","category-derechos-humanos","category-migracion","category-mundo","category-pais","tag-corredor-selvatico","tag-el-tapon-del-darien","tag-migrantes-venezolanos","tag-necocli","tag-panama","tag-republica-bolivariana-de-venezuela","tag-tragedia-humana"],"_links":{"self":[{"href":"https:\/\/contrastes.com.co\/digital\/wp-json\/wp\/v2\/posts\/11893","targetHints":{"allow":["GET"]}}],"collection":[{"href":"https:\/\/contrastes.com.co\/digital\/wp-json\/wp\/v2\/posts"}],"about":[{"href":"https:\/\/contrastes.com.co\/digital\/wp-json\/wp\/v2\/types\/post"}],"author":[{"embeddable":true,"href":"https:\/\/contrastes.com.co\/digital\/wp-json\/wp\/v2\/users\/1"}],"replies":[{"embeddable":true,"href":"https:\/\/contrastes.com.co\/digital\/wp-json\/wp\/v2\/comments?post=11893"}],"version-history":[{"count":1,"href":"https:\/\/contrastes.com.co\/digital\/wp-json\/wp\/v2\/posts\/11893\/revisions"}],"predecessor-version":[{"id":11901,"href":"https:\/\/contrastes.com.co\/digital\/wp-json\/wp\/v2\/posts\/11893\/revisions\/11901"}],"wp:featuredmedia":[{"embeddable":true,"href":"https:\/\/contrastes.com.co\/digital\/wp-json\/wp\/v2\/media\/11896"}],"wp:attachment":[{"href":"https:\/\/contrastes.com.co\/digital\/wp-json\/wp\/v2\/media?parent=11893"}],"wp:term":[{"taxonomy":"category","embeddable":true,"href":"https:\/\/contrastes.com.co\/digital\/wp-json\/wp\/v2\/categories?post=11893"},{"taxonomy":"post_tag","embeddable":true,"href":"https:\/\/contrastes.com.co\/digital\/wp-json\/wp\/v2\/tags?post=11893"}],"curies":[{"name":"wp","href":"https:\/\/api.w.org\/{rel}","templated":true}]}}