{"id":11911,"date":"2022-10-14T09:36:36","date_gmt":"2022-10-14T14:36:36","guid":{"rendered":"https:\/\/contrastes.com.co\/digital\/?p=11911"},"modified":"2022-10-14T09:44:06","modified_gmt":"2022-10-14T14:44:06","slug":"soy-generacion-mas-sonriente-llega-iv-jornada-de-intensificacion-de-aplicacion-de-fluor-en-el-materno-infantil","status":"publish","type":"post","link":"https:\/\/contrastes.com.co\/digital\/soy-generacion-mas-sonriente-llega-iv-jornada-de-intensificacion-de-aplicacion-de-fluor-en-el-materno-infantil\/","title":{"rendered":"\u00abSoy Generaci\u00f3n m\u00e1s Sonriente\u00bb, llega IV jornada de\u00a0 intensificaci\u00f3n de aplicaci\u00f3n de Fluor en el Materno Infantil"},"content":{"rendered":"<p><strong>*\u00bbSoy Generaci\u00f3n m\u00e1s Sonriente\u00bb, llega IV jornada de\u00a0 intensificaci\u00f3n de aplicaci\u00f3n de Fluor en el Materno Infantil<\/strong><\/p>\n<blockquote><p><strong>\u00abHacemos extensiva a toda la comunidad menor de 18 a\u00f1os, acudir a los puntos de nuestra instituci\u00f3n que est\u00e1n habilitados para esta jornada y consolidar esta estrategia del orden nacional, que busca crear h\u00e1bitos de higiene oral para este importante sector poblacional\u00bb: Juan S\u00e1nchez P\u00e1ez, gerente de la E.S.E. Hospital Materno Infantil de Soledad<\/strong><\/p><\/blockquote>\n<p><strong><img loading=\"lazy\" decoding=\"async\" class=\"alignleft wp-image-8524\" src=\"https:\/\/contrastes.com.co\/digital\/wp-content\/uploads\/2022\/03\/l-capitular.png\" alt=\"l capitular\" width=\"68\" height=\"68\" srcset=\"https:\/\/contrastes.com.co\/digital\/wp-content\/uploads\/2022\/03\/l-capitular.png 150w, https:\/\/contrastes.com.co\/digital\/wp-content\/uploads\/2022\/03\/l-capitular-60x60.png 60w\" sizes=\"auto, (max-width: 68px) 100vw, 68px\" \/>a E.S.E. Hospital Materno Infantil de Soledad,<\/strong> cumpliendo con los <strong>lineamientos del Ministerio de Salud y Protecci\u00f3n Social<\/strong> a trav\u00e9s de la<strong> estrategia \u00abSoy Generaci\u00f3n m\u00e1s Sonriente\u00bb<\/strong>\u00a0promueve la intensificaci\u00f3n de la <strong>aplicaci\u00f3n de Fl\u00faor en Barniz a la\u00a0 poblaci\u00f3n infantil y adolescente<\/strong>, con el fin de promover y mejorar la salud bucal.<\/p>\n<p>Es as\u00ed, como, <strong>los d\u00edas 14 y\u00a0 15 de octubre de 2022, se estar\u00e1n realizando en los consultorios de Odontolog\u00eda de los diferentes centros de la instituci\u00f3n<\/strong>, la aplicaci\u00f3n de Fluor en Barniz a la poblaci\u00f3n entre 1 y 17 a\u00f1os, adem\u00e1s de las gestantes menores de 18 a\u00f1os, quienes participar\u00e1n en actividades educativas dirigidas a padres y cuidadores de los menores de 18 a\u00f1os, con el fin de promover la promoci\u00f3n de la salud bucal.<\/p>\n<p>\u00abHacemos extensiva a toda la comunidad menor de 18 a\u00f1os, acudir a los puntos de nuestra instituci\u00f3n que est\u00e1n habilitados para esta jornada y consolidar esta estrategia del orden nacional, que busca crear h\u00e1bitos de higiene oral para este importante sector poblacional\u00bb, expres\u00f3, <strong>Juan S\u00e1nchez P\u00e1ez, gerente de la E.S.E<\/strong>.<\/p>\n<h3>Los centros donde se realizar\u00e1 esta actividad son:<\/h3>\n<hr \/>\n<p><strong>13 de Junio:<\/strong><\/p>\n<p><iframe loading=\"lazy\" style=\"border: 0;\" src=\"https:\/\/www.google.com\/maps\/embed?pb=!1m14!1m8!1m3!1d15670.431103570085!2d-74.7708836!3d10.9173838!3m2!1i1024!2i768!4f13.1!3m3!1m2!1s0x0%3A0xd7c1760d45c9d580!2sE.S.E.%20HOSPITAL%20MATERNO%20INFANTIL%20-%20CIUDAD%20DE%20SOLEDAD!5e0!3m2!1ses!2sco!4v1665758249406!5m2!1ses!2sco\" width=\"600\" height=\"450\" allowfullscreen=\"allowfullscreen\"><\/iframe><\/p>\n<hr \/>\n<p><strong>Ciudadela Metropolitana Salamanca<\/strong><\/p>\n<p><iframe loading=\"lazy\" style=\"border: 0;\" src=\"https:\/\/www.google.com\/maps\/embed?pb=!1m14!1m8!1m3!1d15669.699305882179!2d-74.7692836!3d10.931247!3m2!1i1024!2i768!4f13.1!3m3!1m2!1s0x0%3A0x97cb4a52956c98e3!2sHospital%20Materno%20Infantil%20de%20Salamanca!5e0!3m2!1ses!2sco!4v1665758349870!5m2!1ses!2sco\" width=\"600\" height=\"450\" allowfullscreen=\"allowfullscreen\"><\/iframe><\/p>\n<hr \/>\n<p><strong>Costa Hermosa<\/strong><\/p>\n<p><iframe loading=\"lazy\" style=\"border: 0;\" src=\"https:\/\/www.google.com\/maps\/embed?pb=!1m14!1m8!1m3!1d15669.403855658116!2d-74.7787584!3d10.9368391!3m2!1i1024!2i768!4f13.1!3m3!1m2!1s0x0%3A0xa8a84761b034f567!2sHospital%20Materno%20Infantil%20Costa%20Hermosa!5e0!3m2!1ses!2sco!4v1665758388319!5m2!1ses!2sco\" width=\"600\" height=\"450\" allowfullscreen=\"allowfullscreen\"><\/iframe><\/p>\n<hr \/>\n<p><strong>Villa Estadio<\/strong><\/p>\n<p>CARRERA 14 A No. 69-11<\/p>\n<hr \/>\n<p><strong>Manuela Beltr\u00e1n<\/strong><\/p>\n<p><iframe loading=\"lazy\" style=\"border: 0;\" src=\"https:\/\/www.google.com\/maps\/embed?pb=!1m14!1m8!1m3!1d15670.431103570085!2d-74.7708836!3d10.9173838!3m2!1i1024!2i768!4f13.1!3m3!1m2!1s0x0%3A0xd7c1760d45c9d580!2sE.S.E.%20HOSPITAL%20MATERNO%20INFANTIL%20-%20CIUDAD%20DE%20SOLEDAD!5e0!3m2!1ses!2sco!4v1665758503798!5m2!1ses!2sco\" width=\"600\" height=\"450\" allowfullscreen=\"allowfullscreen\"><\/iframe><\/p>\n<hr \/>\n<p><strong>El Parque<\/strong><\/p>\n<p>CALLE 43 No. 43A &#8211; 11<\/p>\n<hr \/>\n<blockquote><p><strong>Las jornadas comenzar\u00e1n desde las 8: 00 am y contar\u00e1n con actividades l\u00fadicas y recreativas para todos los asistentes.<\/strong><\/p><\/blockquote>\n","protected":false},"excerpt":{"rendered":"<p>La E.S.E. Hospital Materno Infantil de Soledad, cumpliendo con los lineamientos del Ministerio de Salud y Protecci\u00f3n Social a trav\u00e9s de la estrategia \u00abSoy Generaci\u00f3n m\u00e1s Sonriente\u00bb\u00a0promueve la intensificaci\u00f3n de la aplicaci\u00f3n de Fl\u00faor en Barniz a la\u00a0 poblaci\u00f3n infantil y adolescente, con el fin de promover y mejorar la salud bucal.<\/p>\n","protected":false},"author":1,"featured_media":11912,"comment_status":"open","ping_status":"open","sticky":false,"template":"","format":"standard","meta":{"footnotes":""},"categories":[2071,2,3109,268],"tags":[1313,6818,6819,1863,38,6821],"class_list":["post-11911","post","type-post","status-publish","format-standard","has-post-thumbnail","hentry","category-infancia","category-locales","category-ninos-y-adolescentes","category-salud","tag-ese-hospital-materno-infantil-de-soledad","tag-estrategia-soy-generacion-mas-sonriente","tag-fluor-en-barniz","tag-ministerio-de-salud-y-proteccion-social","tag-municipio-de-soledad","tag-odontologia"],"_links":{"self":[{"href":"https:\/\/contrastes.com.co\/digital\/wp-json\/wp\/v2\/posts\/11911","targetHints":{"allow":["GET"]}}],"collection":[{"href":"https:\/\/contrastes.com.co\/digital\/wp-json\/wp\/v2\/posts"}],"about":[{"href":"https:\/\/contrastes.com.co\/digital\/wp-json\/wp\/v2\/types\/post"}],"author":[{"embeddable":true,"href":"https:\/\/contrastes.com.co\/digital\/wp-json\/wp\/v2\/users\/1"}],"replies":[{"embeddable":true,"href":"https:\/\/contrastes.com.co\/digital\/wp-json\/wp\/v2\/comments?post=11911"}],"version-history":[{"count":3,"href":"https:\/\/contrastes.com.co\/digital\/wp-json\/wp\/v2\/posts\/11911\/revisions"}],"predecessor-version":[{"id":11916,"href":"https:\/\/contrastes.com.co\/digital\/wp-json\/wp\/v2\/posts\/11911\/revisions\/11916"}],"wp:featuredmedia":[{"embeddable":true,"href":"https:\/\/contrastes.com.co\/digital\/wp-json\/wp\/v2\/media\/11912"}],"wp:attachment":[{"href":"https:\/\/contrastes.com.co\/digital\/wp-json\/wp\/v2\/media?parent=11911"}],"wp:term":[{"taxonomy":"category","embeddable":true,"href":"https:\/\/contrastes.com.co\/digital\/wp-json\/wp\/v2\/categories?post=11911"},{"taxonomy":"post_tag","embeddable":true,"href":"https:\/\/contrastes.com.co\/digital\/wp-json\/wp\/v2\/tags?post=11911"}],"curies":[{"name":"wp","href":"https:\/\/api.w.org\/{rel}","templated":true}]}}