{"id":12013,"date":"2022-10-21T14:13:23","date_gmt":"2022-10-21T19:13:23","guid":{"rendered":"https:\/\/contrastes.com.co\/digital\/?p=12013"},"modified":"2022-10-21T14:13:23","modified_gmt":"2022-10-21T19:13:23","slug":"soledad-se-vincula-a-iv-jornada-nacional-de-vacunacion-del-2022","status":"publish","type":"post","link":"https:\/\/contrastes.com.co\/digital\/soledad-se-vincula-a-iv-jornada-nacional-de-vacunacion-del-2022\/","title":{"rendered":"Soledad se vincula a IV Jornada Nacional de Vacunaci\u00f3n del 2022"},"content":{"rendered":"<p><strong>*Soledad se vincula a IV Jornada Nacional de Vacunaci\u00f3n del 2022<\/strong><\/p>\n<blockquote><p><strong>*A la jornada podr\u00e1n acceder menores de 5 a\u00f1os, quienes recibir\u00e1n las vacunas iniciando, continuando o terminando esquema para inmunizarlos contra: polio, pentavalente, neumococo, influenza, triple viral, hepatitis A, varicela, fiebre amarilla y DPT.<\/strong><\/p>\n<p><strong>*Un total de 16 puntos de la red p\u00fablica y privada estar\u00e1n habilitados entre las 8:00 de la ma\u00f1ana y las 4:00 de la tarde. En la jornada tambi\u00e9n se inmunizar\u00e1 contra el Covid-19 a la poblaci\u00f3n de 3 a\u00f1os en adelante, y cuarta dosis a partir de los 18 a\u00f1os.\u00a0<\/strong><\/p><\/blockquote>\n<p><img loading=\"lazy\" decoding=\"async\" class=\"alignleft  wp-image-8529\" src=\"https:\/\/contrastes.com.co\/digital\/wp-content\/uploads\/2022\/03\/e-capitular.png\" alt=\"e capitular\" width=\"73\" height=\"73\" srcset=\"https:\/\/contrastes.com.co\/digital\/wp-content\/uploads\/2022\/03\/e-capitular.png 150w, https:\/\/contrastes.com.co\/digital\/wp-content\/uploads\/2022\/03\/e-capitular-60x60.png 60w\" sizes=\"auto, (max-width: 73px) 100vw, 73px\" \/>ste s\u00e1bado, 22 de octubre, se desarrollar\u00e1 la <strong>IV Jornada Nacional de Vacunaci\u00f3n y el personal de Salud de la Alcald\u00eda de Soledad se vincula a este gran compromiso<\/strong>. A esta jornada, cuyo lema es \u201cbusca ya las vacunas es gratis, hazlo de una\u201d, podr\u00e1n acceder menores de 5 a\u00f1os, quienes recibir\u00e1n las vacunas iniciando, continuando o terminando esquema para inmunizarlos contra: polio, pentavalente, neumococo, influenza, triple viral, hepatitis A, varicela, fiebre amarilla y DPT. De igual forma, las mujeres embarazadas podr\u00e1n vacunarse contra el Covid 19, influenza y DPT acelular. Y los adultos, mayores de 50 a\u00f1os, contra la influenza.<\/p>\n<p>Un total de 16 puntos de la red p\u00fablica y privada estar\u00e1n habilitados entre las 8:00 de la ma\u00f1ana y las 4:00 de la tarde. En la jornada tambi\u00e9n se inmunizar\u00e1 contra el Covid-19 a la poblaci\u00f3n de 3 a\u00f1os en adelante, y cuarta dosis a partir de los 18 a\u00f1os.<\/p>\n<p>El <strong>alcalde de Soledad, Rodolfo Ucr\u00f3s Rosales<\/strong>, record\u00f3 la importancia de iniciar, completar o finalizar los esquemas de vacunaci\u00f3n. \u201cContinuamos llegando con Salud P\u00fablica, barrio a barrio, para concientizar a padres de familias, responsable de ni\u00f1os y mujeres embarazadas a acudir de forma masiva para aplicarse los biol\u00f3gicos. Queremos en esta cuarta Jornada Nacional de Vacunaci\u00f3n prevenir enfermedades en nuestra poblaci\u00f3n. Invitamos a todos a participar\u201d, enfatiz\u00f3 el mandatario.<\/p>\n<p><strong>La apertura de la actividad ser\u00e1 a las 8:00 de la ma\u00f1ana, en el barrio El Esfuerzo (carrera 8 sur con calle 22).\u00a0 Simult\u00e1neamente se habilitar\u00e1n los centros de salud del Hospital Materno Infantil de Soledad; cl\u00ednicas de la Polic\u00eda, Porvenir, Adela de Char y Los Almendros; Sanitas y Sura de la calle 30; Nueva EPS calle 21, Viva 1A Moras, Salud Total del centro comercial Carnaval y calle 30.<\/strong><\/p>\n","protected":false},"excerpt":{"rendered":"<p>Este s\u00e1bado, 22 de octubre, se desarrollar\u00e1 la IV Jornada Nacional de Vacunaci\u00f3n y el personal de Salud de la Alcald\u00eda de Soledad se vincula a este gran compromiso. A esta jornada, cuyo lema es \u201cbusca ya las vacunas es gratis, hazlo de una\u201d, podr\u00e1n acceder menores de 5 a\u00f1os, quienes recibir\u00e1n las vacunas iniciando, continuando o terminando esquema para inmunizarlos contra: polio, pentavalente, neumococo, influenza, triple viral, hepatitis A, varicela, fiebre amarilla y DPT. De igual forma, las mujeres embarazadas podr\u00e1n vacunarse contra el Covid 19, influenza y DPT acelular. Y los adultos, mayores de 50 a\u00f1os, contra la influenza.<\/p>\n","protected":false},"author":1,"featured_media":12014,"comment_status":"open","ping_status":"open","sticky":false,"template":"","format":"standard","meta":{"footnotes":""},"categories":[2,268,2861],"tags":[131,35,7800,38,7801,1848],"class_list":["post-12013","post","type-post","status-publish","format-standard","has-post-thumbnail","hentry","category-locales","category-salud","category-vacunacion","tag-alcalde-de-soledad","tag-alcaldia-de-soledad","tag-iv-jornada-nacional-de-vacunacion-del-2022","tag-municipio-de-soledad","tag-ospital-materno-infantil-de-soledad","tag-rodolfo-ucros-rosales"],"_links":{"self":[{"href":"https:\/\/contrastes.com.co\/digital\/wp-json\/wp\/v2\/posts\/12013","targetHints":{"allow":["GET"]}}],"collection":[{"href":"https:\/\/contrastes.com.co\/digital\/wp-json\/wp\/v2\/posts"}],"about":[{"href":"https:\/\/contrastes.com.co\/digital\/wp-json\/wp\/v2\/types\/post"}],"author":[{"embeddable":true,"href":"https:\/\/contrastes.com.co\/digital\/wp-json\/wp\/v2\/users\/1"}],"replies":[{"embeddable":true,"href":"https:\/\/contrastes.com.co\/digital\/wp-json\/wp\/v2\/comments?post=12013"}],"version-history":[{"count":1,"href":"https:\/\/contrastes.com.co\/digital\/wp-json\/wp\/v2\/posts\/12013\/revisions"}],"predecessor-version":[{"id":12015,"href":"https:\/\/contrastes.com.co\/digital\/wp-json\/wp\/v2\/posts\/12013\/revisions\/12015"}],"wp:featuredmedia":[{"embeddable":true,"href":"https:\/\/contrastes.com.co\/digital\/wp-json\/wp\/v2\/media\/12014"}],"wp:attachment":[{"href":"https:\/\/contrastes.com.co\/digital\/wp-json\/wp\/v2\/media?parent=12013"}],"wp:term":[{"taxonomy":"category","embeddable":true,"href":"https:\/\/contrastes.com.co\/digital\/wp-json\/wp\/v2\/categories?post=12013"},{"taxonomy":"post_tag","embeddable":true,"href":"https:\/\/contrastes.com.co\/digital\/wp-json\/wp\/v2\/tags?post=12013"}],"curies":[{"name":"wp","href":"https:\/\/api.w.org\/{rel}","templated":true}]}}