{"id":12045,"date":"2022-10-24T14:14:41","date_gmt":"2022-10-24T19:14:41","guid":{"rendered":"https:\/\/contrastes.com.co\/digital\/?p=12045"},"modified":"2022-10-24T14:14:41","modified_gmt":"2022-10-24T19:14:41","slug":"gobernacion-atiende-emergencias-por-lluvias-del-fin-de-semana-y-recomienda-vias-alternas-por-cierres-viales-debido-a-las-mismas","status":"publish","type":"post","link":"https:\/\/contrastes.com.co\/digital\/gobernacion-atiende-emergencias-por-lluvias-del-fin-de-semana-y-recomienda-vias-alternas-por-cierres-viales-debido-a-las-mismas\/","title":{"rendered":"Gobernaci\u00f3n atiende emergencias por lluvias del fin de semana y recomienda v\u00edas alternas por cierres viales debido a las mismas"},"content":{"rendered":"<p><strong>*Gobernaci\u00f3n atiende emergencias por lluvias del fin de semana y recomienda v\u00edas alternas por cierres viales debido a las mismas<\/strong><\/p>\n<blockquote><p><strong>Se inform\u00f3 que las restricciones est\u00e1n activas desde este domingo y se extender\u00e1n mientras el cuerpo de bomberos atiende las emergencias presentadas.<\/strong><\/p><\/blockquote>\n<p><img loading=\"lazy\" decoding=\"async\" class=\"alignleft  wp-image-8758\" src=\"https:\/\/contrastes.com.co\/digital\/wp-content\/uploads\/2022\/04\/d-capitular.png\" alt=\"\" width=\"73\" height=\"73\" srcset=\"https:\/\/contrastes.com.co\/digital\/wp-content\/uploads\/2022\/04\/d-capitular.png 100w, https:\/\/contrastes.com.co\/digital\/wp-content\/uploads\/2022\/04\/d-capitular-60x60.png 60w\" sizes=\"auto, (max-width: 73px) 100vw, 73px\" \/>ebido a las torrenciales lluvias que se han presentado en los \u00faltimos meses en el departamento, se han registrado emergencias en varias v\u00edas que han obligado a restringir la circulaci\u00f3n para veh\u00edculos. De acuerdo con el Tr\u00e1nsito del Atl\u00e1ntico, se han presentado deslizamientos por los cuales s<strong>e determin\u00f3 cerrar el paso en la v\u00eda de entrada a Puerto Velero, en la v\u00eda que conecta a Guaimaral con Paluato, en el tramo de entrada al municipio de Tubar\u00e1 y en la v\u00eda que lo conecta con el sector del Vaiv\u00e9n.<\/strong><\/p>\n<p>Se inform\u00f3 que las restricciones est\u00e1n activas desde este domingo y se extender\u00e1n mientras el cuerpo de bomberos atiende las emergencias presentadas.<\/p>\n<ul>\n<li>La<strong> v\u00eda Juan Mina &#8211; Cuatro Bocas &#8211; Tubar\u00e1<\/strong> se encuentra habilitada con alto riesgo de nuevos deslizamientos, se recomienda precauci\u00f3n a quienes transitan por este corredor.<\/li>\n<\/ul>\n<p>Ma\u00f1ana lunes 24 de octubre, desde las 7:00 am, se cerrar\u00e1 la v\u00eda por completo para continuar con los trabajos de remoci\u00f3n de material y limpieza.<\/p>\n<p><strong>Se recomienda tomar v\u00edas alternas para entrar o salir al municipio de Tubar\u00e1, tomando las v\u00edas nacionales Cordialidad o V\u00eda al Mar.<\/strong><\/p>\n<ul>\n<li>La <strong>v\u00eda que comunica Tubar\u00e1 &#8211;\u00a0 Guaimaral &#8211; Paluato<\/strong> presenta cierre total e indefinido por m\u00faltiples derrumbes. Se recomienda estar atentos a las comunicaciones sobre el estado de las v\u00edas.<\/li>\n<\/ul>\n<p>\u201cReiteramos a todos los usuarios de las v\u00edas del Atl\u00e1ntico que la invitaci\u00f3n es a acatar las restricciones y, adem\u00e1s, aumentar las precauciones a la hora de movilizarnos, pues las lluvias alteran las condiciones de las v\u00edas. Hacemos un llamado a la responsabilidad, a reducir la velocidad y a verificar que el estado de nuestros veh\u00edculos sea apto para afrontar movilidad con lluvias\u00bb, destac\u00f3 la <strong>directora del Tr\u00e1nsito del Atl\u00e1ntico, Susana Cadavid<\/strong>, agregando que el objetivo es que durante el invierno se mantenga la seguridad vial.<\/p>\n","protected":false},"excerpt":{"rendered":"<p>Debido a las torrenciales lluvias que se han presentado en los \u00faltimos meses en el departamento, se han registrado emergencias en varias v\u00edas que han obligado a restringir la circulaci\u00f3n para veh\u00edculos. De acuerdo con el Tr\u00e1nsito del Atl\u00e1ntico, se han presentado deslizamientos por los cuales se determin\u00f3 cerrar el paso en la v\u00eda de entrada a Puerto Velero, en la v\u00eda que conecta a Guaimaral con Paluato, en el tramo de entrada al municipio de Tubar\u00e1 y en la v\u00eda que lo conecta con el sector del Vaiv\u00e9n.<\/p>\n","protected":false},"author":1,"featured_media":12046,"comment_status":"open","ping_status":"open","sticky":false,"template":"","format":"standard","meta":{"footnotes":""},"categories":[301,6,1364],"tags":[68,3584,1594,30,890,7825,7826,7827,7828],"class_list":["post-12045","post","type-post","status-publish","format-standard","has-post-thumbnail","hentry","category-medio-ambiente","category-region","category-vias-y-movilidad","tag-departamento-del-atlantico","tag-directora-del-transito-del-atlantico","tag-emergencias-por-lluvias","tag-gobernacion-del-atlantico","tag-susana-cadavid","tag-via-juan-mina-cuatro-bocas-tubara","tag-via-que-comunica-tubara-guaimaral-paluato","tag-vias-alternas","tag-vias-terciarias"],"_links":{"self":[{"href":"https:\/\/contrastes.com.co\/digital\/wp-json\/wp\/v2\/posts\/12045","targetHints":{"allow":["GET"]}}],"collection":[{"href":"https:\/\/contrastes.com.co\/digital\/wp-json\/wp\/v2\/posts"}],"about":[{"href":"https:\/\/contrastes.com.co\/digital\/wp-json\/wp\/v2\/types\/post"}],"author":[{"embeddable":true,"href":"https:\/\/contrastes.com.co\/digital\/wp-json\/wp\/v2\/users\/1"}],"replies":[{"embeddable":true,"href":"https:\/\/contrastes.com.co\/digital\/wp-json\/wp\/v2\/comments?post=12045"}],"version-history":[{"count":1,"href":"https:\/\/contrastes.com.co\/digital\/wp-json\/wp\/v2\/posts\/12045\/revisions"}],"predecessor-version":[{"id":12047,"href":"https:\/\/contrastes.com.co\/digital\/wp-json\/wp\/v2\/posts\/12045\/revisions\/12047"}],"wp:featuredmedia":[{"embeddable":true,"href":"https:\/\/contrastes.com.co\/digital\/wp-json\/wp\/v2\/media\/12046"}],"wp:attachment":[{"href":"https:\/\/contrastes.com.co\/digital\/wp-json\/wp\/v2\/media?parent=12045"}],"wp:term":[{"taxonomy":"category","embeddable":true,"href":"https:\/\/contrastes.com.co\/digital\/wp-json\/wp\/v2\/categories?post=12045"},{"taxonomy":"post_tag","embeddable":true,"href":"https:\/\/contrastes.com.co\/digital\/wp-json\/wp\/v2\/tags?post=12045"}],"curies":[{"name":"wp","href":"https:\/\/api.w.org\/{rel}","templated":true}]}}