{"id":12088,"date":"2022-10-28T09:17:58","date_gmt":"2022-10-28T14:17:58","guid":{"rendered":"https:\/\/contrastes.com.co\/digital\/?p=12088"},"modified":"2022-10-28T09:17:58","modified_gmt":"2022-10-28T14:17:58","slug":"se-repite-el-duelo-este-domingo-vamos-contra-espana-en-la-gran-final-del-mundial-femenino-sub-17-de-la-india","status":"publish","type":"post","link":"https:\/\/contrastes.com.co\/digital\/se-repite-el-duelo-este-domingo-vamos-contra-espana-en-la-gran-final-del-mundial-femenino-sub-17-de-la-india\/","title":{"rendered":"Se repite el duelo: Este domingo vamos contra Espa\u00f1a en la Gran Final del Mundial Femenino Sub 17 de la India"},"content":{"rendered":"<p><strong>*Se repite el duelo: Este domingo vamos contra Espa\u00f1a en la Gran Final del Mundial Femenino Sub 17 de la India.<\/strong><\/p>\n<blockquote><p><strong>La selecci\u00f3n femenina de f\u00fatbol sub-17 de Colombia se mide este domingo con su similar espa\u00f1ola en la b\u00fasqueda de hacer realidad lo que hasta hace unos d\u00edas era un sue\u00f1o, conquistar para nuestro pa\u00eds un Campeonato Mundial por primera vez en la historia del f\u00fatbol, la clasificaci\u00f3n a la final de por s\u00ed ya es un logro in\u00e9dito, pero las \u00abpelas\u00bb van por m\u00e1s y toda Colombia se une para ligar una haza\u00f1a que colocar\u00eda muy en alto el balompi\u00e9 nacional a nivel orbital.<\/strong><\/p><\/blockquote>\n<p><img loading=\"lazy\" decoding=\"async\" class=\"alignleft  wp-image-8524\" src=\"https:\/\/contrastes.com.co\/digital\/wp-content\/uploads\/2022\/03\/l-capitular.png\" alt=\"l capitular\" width=\"92\" height=\"92\" srcset=\"https:\/\/contrastes.com.co\/digital\/wp-content\/uploads\/2022\/03\/l-capitular.png 150w, https:\/\/contrastes.com.co\/digital\/wp-content\/uploads\/2022\/03\/l-capitular-60x60.png 60w\" sizes=\"auto, (max-width: 92px) 100vw, 92px\" \/>a <strong>selecci\u00f3n femenina sub-17 de Colombia<\/strong> tendr\u00e1 una oportunidad hist\u00f3rica de alcanzar el campeonato mundial de la FIFA este 30 de octubre al enfrentar a Espa\u00f1a en la final de la Copa Mundo femenina de esa categor\u00eda. Tras vencer a Nigeria en un dram\u00e1tico juego definido en penaltis (6-5), las <strong>colombianas clasificaron en un hecho hist\u00f3rico, a una final de la Copa Mundo<\/strong>. Es la primera vez que una selecci\u00f3n de f\u00fatbol de Colombia, en cualquiera de sus categor\u00edas, llega a esta instancia.<\/p>\n<p>Espa\u00f1a, entre tanto, logr\u00f3 la clasificaci\u00f3n a la final de la Copa Mundo tras vencer 1-0 a Alemania en el \u00faltimo minuto de juego, llegando a una final por segunda vez consecutiva. <strong>La selecci\u00f3n femenina sub-17 de Espa\u00f1a gan\u00f3 el Mundial 2018 que se disput\u00f3 en Uruguay.<\/strong><\/p>\n<p>Ahora, Colombia tendr\u00e1 una revancha contra Espa\u00f1a, pues los dos equipos se enfrentaron en este torneo en la etapa de grupos, ambos en el Grupo C, partido que Espa\u00f1a gan\u00f3 por la m\u00ednima diferencia.<\/p>\n<p>En tanto, Nigeria y Alemania se enfrentar\u00e1n en el partido por el tercer puesto.<\/p>\n<p><a href=\"https:\/\/twitter.com\/FCFSeleccionCol\/status\/1585259585648017408\">https:\/\/twitter.com\/FCFSeleccionCol\/status\/1585259585648017408<\/a><\/p>\n<h3>\u00bfCu\u00e1ndo se juega la final del Mundial femenino sub-17?<\/h3>\n<p>La final del <strong>Mundial femenino sub-17<\/strong> se jugar\u00e1 este 30 de octubre en el <strong>estadio Dr. DY Patil Stadium de Nueva Bombay<\/strong>, a las 8 p.m., hora local, 11:00 a.m., ET. 10:00 a.m. Hora Colombia<\/p>\n<p><a href=\"https:\/\/twitter.com\/FCFSeleccionCol\/status\/1585755771421106176\">https:\/\/twitter.com\/FCFSeleccionCol\/status\/1585755771421106176<\/a><\/p>\n","protected":false},"excerpt":{"rendered":"<p>La selecci\u00f3n femenina sub-17 de Colombia tendr\u00e1 una oportunidad hist\u00f3rica de alcanzar el campeonato mundial de la FIFA este 30 de octubre al enfrentar a Espa\u00f1a en la final de la Copa Mundo femenina de esa categor\u00eda. Tras vencer a Nigeria en un dram\u00e1tico juego definido en penaltis (6-5), las colombianas clasificaron en un hecho hist\u00f3rico, a una final de la Copa Mundo. Es la primera vez que una selecci\u00f3n de f\u00fatbol de Colombia, en cualquiera de sus categor\u00edas, llega a esta instancia.<\/p>\n","protected":false},"author":1,"featured_media":12089,"comment_status":"open","ping_status":"open","sticky":false,"template":"","format":"standard","meta":{"footnotes":""},"categories":[8,5045,973,11,4],"tags":[7877,7880,7878,7879,7876],"class_list":["post-12088","post","type-post","status-publish","format-standard","has-post-thumbnail","hentry","category-deportes","category-futbol","category-mujer","category-mundo","category-pais","tag-colombia-vs-espana","tag-estadio-dr-dy-patil-stadium-de-nueva-bombay","tag-hecho-historico","tag-mundial-femenino-sub-17-2022-india","tag-seleccion-femenina-sub-17-de-colombia"],"_links":{"self":[{"href":"https:\/\/contrastes.com.co\/digital\/wp-json\/wp\/v2\/posts\/12088","targetHints":{"allow":["GET"]}}],"collection":[{"href":"https:\/\/contrastes.com.co\/digital\/wp-json\/wp\/v2\/posts"}],"about":[{"href":"https:\/\/contrastes.com.co\/digital\/wp-json\/wp\/v2\/types\/post"}],"author":[{"embeddable":true,"href":"https:\/\/contrastes.com.co\/digital\/wp-json\/wp\/v2\/users\/1"}],"replies":[{"embeddable":true,"href":"https:\/\/contrastes.com.co\/digital\/wp-json\/wp\/v2\/comments?post=12088"}],"version-history":[{"count":1,"href":"https:\/\/contrastes.com.co\/digital\/wp-json\/wp\/v2\/posts\/12088\/revisions"}],"predecessor-version":[{"id":12093,"href":"https:\/\/contrastes.com.co\/digital\/wp-json\/wp\/v2\/posts\/12088\/revisions\/12093"}],"wp:featuredmedia":[{"embeddable":true,"href":"https:\/\/contrastes.com.co\/digital\/wp-json\/wp\/v2\/media\/12089"}],"wp:attachment":[{"href":"https:\/\/contrastes.com.co\/digital\/wp-json\/wp\/v2\/media?parent=12088"}],"wp:term":[{"taxonomy":"category","embeddable":true,"href":"https:\/\/contrastes.com.co\/digital\/wp-json\/wp\/v2\/categories?post=12088"},{"taxonomy":"post_tag","embeddable":true,"href":"https:\/\/contrastes.com.co\/digital\/wp-json\/wp\/v2\/tags?post=12088"}],"curies":[{"name":"wp","href":"https:\/\/api.w.org\/{rel}","templated":true}]}}