{"id":12113,"date":"2022-11-01T16:39:43","date_gmt":"2022-11-01T21:39:43","guid":{"rendered":"https:\/\/contrastes.com.co\/digital\/?p=12113"},"modified":"2022-11-01T16:39:43","modified_gmt":"2022-11-01T21:39:43","slug":"arrancan-las-obras-de-la-gran-via-el-proyecto-que-se-merece-nuestro-departamento-elsa-noguera","status":"publish","type":"post","link":"https:\/\/contrastes.com.co\/digital\/arrancan-las-obras-de-la-gran-via-el-proyecto-que-se-merece-nuestro-departamento-elsa-noguera\/","title":{"rendered":"\u201cArrancan las obras de la Gran V\u00eda, el proyecto que se merece nuestro departamento\u201d: Elsa Noguera"},"content":{"rendered":"<p><strong>*\u201cArrancan las obras de la Gran V\u00eda, el proyecto que se merece nuestro departamento\u201d: Elsa Noguera<\/strong><\/p>\n<blockquote><p><strong>\u201cUn gran territorio, como lo es Barranquilla y su \u00e1rea metropolitana, merece una Gran V\u00eda. Por eso, este mi\u00e9rcoles 2 de noviembre arrancamos las obras de este proyecto que merece nuestro departamento y que impulsar\u00e1 el desarrollo tur\u00edstico, la conectividad y competitividad del Atl\u00e1ntico\u201d, Elsa Noguera, gobernadora del Atl\u00e1ntico.<\/strong><\/p><\/blockquote>\n<p><img loading=\"lazy\" decoding=\"async\" class=\"alignleft  wp-image-8683\" src=\"https:\/\/contrastes.com.co\/digital\/wp-content\/uploads\/2022\/03\/a-capitular.png\" alt=\"a capitular\" width=\"64\" height=\"64\" srcset=\"https:\/\/contrastes.com.co\/digital\/wp-content\/uploads\/2022\/03\/a-capitular.png 100w, https:\/\/contrastes.com.co\/digital\/wp-content\/uploads\/2022\/03\/a-capitular-60x60.png 60w\" sizes=\"auto, (max-width: 64px) 100vw, 64px\" \/>\u00a0partir de este mi\u00e9rcoles 2 de noviembre, <strong>arrancan las obras de la Gran V\u00eda, un proyecto que conectar\u00e1 a Barranquilla con Puerto Colombia y que mejorar\u00e1 la conectividad, la competitividad y dinamizar\u00e1 a\u00fan m\u00e1s el turismo del Atl\u00e1ntico.<\/strong> \u201cUn gran territorio, como lo es Barranquilla y su \u00e1rea metropolitana, merece una Gran V\u00eda. Por eso, este mi\u00e9rcoles 2 de noviembre arrancamos las obras de este proyecto que merece nuestro departamento y que impulsar\u00e1 el desarrollo tur\u00edstico, la conectividad y competitividad del Atl\u00e1ntico\u201d, dijo la gobernadora del Atl\u00e1ntico, Elsa Noguera.<\/p>\n<p>La mandataria departamental agreg\u00f3 que las obras son de todos y, para hacerlas realidad, se har\u00e1n algunos cierres de carril y desv\u00edos que generar\u00e1n cambios en la movilidad.<\/p>\n<p>\u201cPara mitigar estos cambios, es muy importante que todos contribuyamos y acojamos el plan de manejo de tr\u00e1fico, que ha sido socializado por el contratista, la interventor\u00eda y nuestros funcionarios, para que, una vez culminen los trabajos, todos podamos disfrutar de los beneficios de la Gran V\u00eda\u201d, a\u00f1adi\u00f3.<\/p>\n<p>Desde este mi\u00e9rcoles, se cerrar\u00e1 la calzada norte del corredor, sentido Barranquilla \u2013 Puerto Colombia, entre el final del puente de la 51B sobre la Circunvalar y la calle 111 (acceso al Colegio Parrish).<\/p>\n<p>Sin embargo, en la calzada sur, sentido Puerto Colombia \u2013 Barranquilla, se habilitar\u00e1 un carril para cada sentido.<\/p>\n<p>La Secretar\u00eda de Tr\u00e1nsito y Transporte de Puerto Colombia, con el apoyo de la Polic\u00eda de Tr\u00e1nsito, velar\u00e1n por la seguridad vial.<\/p>\n<p>Entre las primeras obras que har\u00e1 el contratista Consorcio Vial Barranquilla est\u00e1 la demolici\u00f3n del pavimento existente de la v\u00eda.<\/p>\n<p>El proyecto de la Gran V\u00eda contempla la construcci\u00f3n de 3.55 kil\u00f3metros en doble calzada y tres carriles, una ciclorruta, zona peatonal y dos pasos a desnivel o deprimidos: uno a la altura de la Universidad del Norte y otro en el centro comercial Le Champ.<\/p>\n<p>Se construir\u00e1n tres glorietas (Universidad del Norte, Le Champ y Universidad del Atl\u00e1ntico), tres nuevos puentes ciclo-peatonales (Colegio Sagrado Coraz\u00f3n, Colombo Americano y Universidad del Atl\u00e1ntico), obras de urbanismo y paisajismo, iluminaci\u00f3n Led y las redes el\u00e9ctricas en los puntos cr\u00edticos y las de telecomunicaciones ser\u00e1n subterranizadas.<\/p>\n","protected":false},"excerpt":{"rendered":"<p>A partir de este mi\u00e9rcoles 2 de noviembre, arrancan las obras de la Gran V\u00eda, un proyecto que conectar\u00e1 a Barranquilla con Puerto Colombia y que mejorar\u00e1 la conectividad, la competitividad y dinamizar\u00e1 a\u00fan m\u00e1s el turismo del Atl\u00e1ntico. \u201cUn gran territorio, como lo es Barranquilla y su \u00e1rea metropolitana, merece una Gran V\u00eda. Por eso, este mi\u00e9rcoles 2 de noviembre arrancamos las obras de este proyecto que merece nuestro departamento y que impulsar\u00e1 el desarrollo tur\u00edstico, la conectividad y competitividad del Atl\u00e1ntico\u201d, dijo la gobernadora del Atl\u00e1ntico, Elsa Noguera.<\/p>\n","protected":false},"author":1,"featured_media":12114,"comment_status":"open","ping_status":"open","sticky":false,"template":"","format":"standard","meta":{"footnotes":""},"categories":[3542,6,1364],"tags":[68,224,31,30,139,7909,555,4758],"class_list":["post-12113","post","type-post","status-publish","format-standard","has-post-thumbnail","hentry","category-obras-publicas","category-region","category-vias-y-movilidad","tag-departamento-del-atlantico","tag-distrito-de-barranquilla","tag-elsa-noguera","tag-gobernacion-del-atlantico","tag-gobernadora-del-atlantico","tag-la-gran-via","tag-municipio-de-puerto-colombia","tag-turismo"],"_links":{"self":[{"href":"https:\/\/contrastes.com.co\/digital\/wp-json\/wp\/v2\/posts\/12113","targetHints":{"allow":["GET"]}}],"collection":[{"href":"https:\/\/contrastes.com.co\/digital\/wp-json\/wp\/v2\/posts"}],"about":[{"href":"https:\/\/contrastes.com.co\/digital\/wp-json\/wp\/v2\/types\/post"}],"author":[{"embeddable":true,"href":"https:\/\/contrastes.com.co\/digital\/wp-json\/wp\/v2\/users\/1"}],"replies":[{"embeddable":true,"href":"https:\/\/contrastes.com.co\/digital\/wp-json\/wp\/v2\/comments?post=12113"}],"version-history":[{"count":1,"href":"https:\/\/contrastes.com.co\/digital\/wp-json\/wp\/v2\/posts\/12113\/revisions"}],"predecessor-version":[{"id":12115,"href":"https:\/\/contrastes.com.co\/digital\/wp-json\/wp\/v2\/posts\/12113\/revisions\/12115"}],"wp:featuredmedia":[{"embeddable":true,"href":"https:\/\/contrastes.com.co\/digital\/wp-json\/wp\/v2\/media\/12114"}],"wp:attachment":[{"href":"https:\/\/contrastes.com.co\/digital\/wp-json\/wp\/v2\/media?parent=12113"}],"wp:term":[{"taxonomy":"category","embeddable":true,"href":"https:\/\/contrastes.com.co\/digital\/wp-json\/wp\/v2\/categories?post=12113"},{"taxonomy":"post_tag","embeddable":true,"href":"https:\/\/contrastes.com.co\/digital\/wp-json\/wp\/v2\/tags?post=12113"}],"curies":[{"name":"wp","href":"https:\/\/api.w.org\/{rel}","templated":true}]}}