{"id":12119,"date":"2022-11-01T17:04:43","date_gmt":"2022-11-01T22:04:43","guid":{"rendered":"https:\/\/contrastes.com.co\/digital\/?p=12119"},"modified":"2022-11-01T17:05:32","modified_gmt":"2022-11-01T22:05:32","slug":"nos-vemos-en-las-calles-alias-19-amenazo-a-juez-tras-su-condena","status":"publish","type":"post","link":"https:\/\/contrastes.com.co\/digital\/nos-vemos-en-las-calles-alias-19-amenazo-a-juez-tras-su-condena\/","title":{"rendered":"\u201cNos vemos en las calles\u201d: alias \u201919\u2019 amenaz\u00f3 a juez tras su condena"},"content":{"rendered":"<p><strong>*\u201cNos vemos en las calles\u201d: alias \u201919\u2019 amenaz\u00f3 a juez tras su condena<\/strong><\/p>\n<blockquote><p><strong>\u201cJuez, nos vemos en las calles ya sea por la celebraci\u00f3n de la victoria del pueblo en las salas judiciales o ya sea para organizar lo que ser\u00eda la revoluci\u00f3n m\u00e1s hijueputa a nivel nacional por la libertad, la no opresi\u00f3n&#8230;\u00bb: Sergio Pastor, alias 19.<\/strong><\/p><\/blockquote>\n<p><img loading=\"lazy\" decoding=\"async\" class=\"alignleft wp-image-11219\" src=\"https:\/\/contrastes.com.co\/digital\/wp-content\/uploads\/2022\/09\/s.png\" alt=\"\" width=\"58\" height=\"58\" srcset=\"https:\/\/contrastes.com.co\/digital\/wp-content\/uploads\/2022\/09\/s.png 100w, https:\/\/contrastes.com.co\/digital\/wp-content\/uploads\/2022\/09\/s-60x60.png 60w\" sizes=\"auto, (max-width: 58px) 100vw, 58px\" \/>ergio Pastor, cabeza de la primera l\u00ednea en el sector de Las Am\u00e9ricas, fue condenado este lunes por tortura y concierto para delinquir por sus actuaciones coordinadas en hechos de vandalismo y agresiones contra la fuerza p\u00fablica en esa zona del suroccidente de Bogot\u00e1, durante el paro nacional de 2021.<\/p>\n<p>Contra el joven, quien es conocido como alias \u201919\u2019, hay evidencia f\u00edlmica, fotogr\u00e1fica y testimonial que lo involucra en la retenci\u00f3n de un transe\u00fante a quien, con el supuesto de que pertenec\u00eda a la Polic\u00eda Nacional, le robaron las pertenencias, lo golpearon, hirieron con armas cortopunzantes, amarraron a un \u00e1rbol, cubrieron con pintura y le rosearon gasolina con la amenaza de prenderle fuego.<\/p>\n<blockquote><p>\u201cEstoy dejando una constancia de lo que acaban de dejar en el chat de la diligencia, pueden leerlo. Dejo las constancias pertinentes, se\u00f1ora fiscal y Ministerio P\u00fablico\u201d, dijo el juez.<\/p><\/blockquote>\n<p><a href=\"https:\/\/twitter.com\/FiscaliaCol\/status\/1587208639445598215?ref_src=twsrc%5Etfw%7Ctwcamp%5Etweetembed%7Ctwterm%5E1587208639445598215%7Ctwgr%5Ec9ab318baef0608dfd3b89b77d3942bafe9eac3b%7Ctwcon%5Es1_&#038;ref_url=https%3A%2F%2Felcomercio.pe%2Fmundo%2Flatinoamerica%2Falias-19-primera-linea-tras-condena-a-sergio-pastor-en-colombia-primera-linea-amenazo-a-juez-nos-vemos-en-las-calles-noticia%2F\">https:\/\/twitter.com\/FiscaliaCol\/status\/1587208639445598215?ref_src=twsrc%5Etfw%7Ctwcamp%5Etweetembed%7Ctwterm%5E1587208639445598215%7Ctwgr%5Ec9ab318baef0608dfd3b89b77d3942bafe9eac3b%7Ctwcon%5Es1_&amp;ref_url=https%3A%2F%2Felcomercio.pe%2Fmundo%2Flatinoamerica%2Falias-19-primera-linea-tras-condena-a-sergio-pastor-en-colombia-primera-linea-amenazo-a-juez-nos-vemos-en-las-calles-noticia%2F<\/a><\/p>\n<p>\u201cJuez, nos vemos en las calles ya sea por la celebraci\u00f3n de la victoria del pueblo en las salas judiciales o ya sea para organizar lo que ser\u00eda la revoluci\u00f3n m\u00e1s hijueputa a nivel nacional por la libertad, la no opresi\u00f3n. Nos vemos en las calles, segundo 181 90 02 millones contra usted o contra usted, queda la respectiva constancia en la diiligencia de lo que est\u00e1n anotando, no s\u00e9 qui\u00e9n lo anotar\u00eda, dice primera l\u00ednea 8:48 de la ma\u00f1ana para que obre como constancia en la diligencia\u201d, ley\u00f3 el juez sobre la amenaza de la primera l\u00ednea.<\/p>\n<p>Seg\u00fan la Fiscal\u00eda, el Juzgado 4 Especializado hall\u00f3 que el ente investigador demostr\u00f3 que estas personas se concertaron y actuaron coordinadamente para realizar distintos actos de vandalismo, tortura a particulares y agresiones contra la fuerza p\u00fablica en el suroccidente de Bogot\u00e1.<\/p>\n","protected":false},"excerpt":{"rendered":"<p>Sergio Pastor, cabeza de la primera l\u00ednea en el sector de Las Am\u00e9ricas, fue condenado este lunes por tortura y concierto para delinquir por sus actuaciones coordinadas en hechos de vandalismo y agresiones contra la fuerza p\u00fablica en esa zona del suroccidente de Bogot\u00e1, durante el paro nacional de 2021.<\/p>\n","protected":false},"author":1,"featured_media":12120,"comment_status":"open","ping_status":"open","sticky":false,"template":"","format":"standard","meta":{"footnotes":""},"categories":[10,4,3234],"tags":[7912,5118,153,7914,7913],"class_list":["post-12119","post","type-post","status-publish","format-standard","has-post-thumbnail","hentry","category-judicial","category-pais","category-protestas","tag-alias-19","tag-amenazas","tag-bogota","tag-juez-de-la-republica","tag-primera-linea"],"_links":{"self":[{"href":"https:\/\/contrastes.com.co\/digital\/wp-json\/wp\/v2\/posts\/12119","targetHints":{"allow":["GET"]}}],"collection":[{"href":"https:\/\/contrastes.com.co\/digital\/wp-json\/wp\/v2\/posts"}],"about":[{"href":"https:\/\/contrastes.com.co\/digital\/wp-json\/wp\/v2\/types\/post"}],"author":[{"embeddable":true,"href":"https:\/\/contrastes.com.co\/digital\/wp-json\/wp\/v2\/users\/1"}],"replies":[{"embeddable":true,"href":"https:\/\/contrastes.com.co\/digital\/wp-json\/wp\/v2\/comments?post=12119"}],"version-history":[{"count":3,"href":"https:\/\/contrastes.com.co\/digital\/wp-json\/wp\/v2\/posts\/12119\/revisions"}],"predecessor-version":[{"id":12123,"href":"https:\/\/contrastes.com.co\/digital\/wp-json\/wp\/v2\/posts\/12119\/revisions\/12123"}],"wp:featuredmedia":[{"embeddable":true,"href":"https:\/\/contrastes.com.co\/digital\/wp-json\/wp\/v2\/media\/12120"}],"wp:attachment":[{"href":"https:\/\/contrastes.com.co\/digital\/wp-json\/wp\/v2\/media?parent=12119"}],"wp:term":[{"taxonomy":"category","embeddable":true,"href":"https:\/\/contrastes.com.co\/digital\/wp-json\/wp\/v2\/categories?post=12119"},{"taxonomy":"post_tag","embeddable":true,"href":"https:\/\/contrastes.com.co\/digital\/wp-json\/wp\/v2\/tags?post=12119"}],"curies":[{"name":"wp","href":"https:\/\/api.w.org\/{rel}","templated":true}]}}