{"id":12178,"date":"2022-11-04T15:37:39","date_gmt":"2022-11-04T20:37:39","guid":{"rendered":"https:\/\/contrastes.com.co\/digital\/?p=12178"},"modified":"2022-11-04T15:37:39","modified_gmt":"2022-11-04T20:37:39","slug":"murio-hombre-que-resulto-herido-en-balacera-en-el-barrio-santa-maria","status":"publish","type":"post","link":"https:\/\/contrastes.com.co\/digital\/murio-hombre-que-resulto-herido-en-balacera-en-el-barrio-santa-maria\/","title":{"rendered":"Muri\u00f3 hombre que result\u00f3 herido en balacera en el barrio Santa Mar\u00eda"},"content":{"rendered":"<p><strong>*Muri\u00f3 hombre que result\u00f3 herido en balacera en el barrio Santa Mar\u00eda<\/strong><\/p>\n<blockquote><p><strong>La v\u00edctima mortal fue identificada como Yanfre Ortiz Ferrer, de 34 a\u00f1os; mientras que el herido es Harold Vergel Carranza, de 33 a\u00f1os. En el hecho otro hombre, de 30 a\u00f1os, fue capturado.<\/strong><\/p><\/blockquote>\n<p><img loading=\"lazy\" decoding=\"async\" class=\"alignleft  wp-image-8524\" src=\"https:\/\/contrastes.com.co\/digital\/wp-content\/uploads\/2022\/03\/l-capitular.png\" alt=\"l capitular\" width=\"53\" height=\"53\" srcset=\"https:\/\/contrastes.com.co\/digital\/wp-content\/uploads\/2022\/03\/l-capitular.png 150w, https:\/\/contrastes.com.co\/digital\/wp-content\/uploads\/2022\/03\/l-capitular-60x60.png 60w\" sizes=\"auto, (max-width: 53px) 100vw, 53px\" \/>a Polic\u00eda Metropolitana se pronunci\u00f3 por la balacera registrada en la ma\u00f1ana de este viernes en la calle 90 con carrera 1G, barrio Santa Mar\u00eda, en el suroccidente de Barranquilla. La instituci\u00f3n indic\u00f3 que el intercambio de disparos dej\u00f3 un muerto, un herido y un capturado.<\/p>\n<p>La v\u00edctima mortal fue identificada como Yanfre Ortiz Ferrer, de 34 a\u00f1os; mientras que el herido es Harold Vergel Carranza, de 33 a\u00f1os. En el hecho otro hombre, de 30 a\u00f1os, fue capturado.<\/p>\n<p>Testigos informan que dos personas intercambiaron disparos tras registrarse una ri\u00f1a y en esta termin\u00f3 uno de ellos muerto. El capturado fue conducido a la URI de la Fiscal\u00eda.<\/p>\n","protected":false},"excerpt":{"rendered":"<p>La Polic\u00eda Metropolitana se pronunci\u00f3 por la balacera registrada en la ma\u00f1ana de este viernes en la calle 90 con carrera 1G, barrio Santa Mar\u00eda, en el suroccidente de Barranquilla. La instituci\u00f3n indic\u00f3 que el intercambio de disparos dej\u00f3 un muerto, un herido y un capturado.<\/p>\n","protected":false},"author":1,"featured_media":12179,"comment_status":"open","ping_status":"open","sticky":false,"template":"","format":"standard","meta":{"footnotes":""},"categories":[10,6],"tags":[5932,56,7232,331,6975,1656],"class_list":["post-12178","post","type-post","status-publish","format-standard","has-post-thumbnail","hentry","category-judicial","category-region","tag-balacera","tag-barranquilla","tag-barrio-santa-maria","tag-fallecimiento","tag-herido","tag-homicidio"],"_links":{"self":[{"href":"https:\/\/contrastes.com.co\/digital\/wp-json\/wp\/v2\/posts\/12178","targetHints":{"allow":["GET"]}}],"collection":[{"href":"https:\/\/contrastes.com.co\/digital\/wp-json\/wp\/v2\/posts"}],"about":[{"href":"https:\/\/contrastes.com.co\/digital\/wp-json\/wp\/v2\/types\/post"}],"author":[{"embeddable":true,"href":"https:\/\/contrastes.com.co\/digital\/wp-json\/wp\/v2\/users\/1"}],"replies":[{"embeddable":true,"href":"https:\/\/contrastes.com.co\/digital\/wp-json\/wp\/v2\/comments?post=12178"}],"version-history":[{"count":1,"href":"https:\/\/contrastes.com.co\/digital\/wp-json\/wp\/v2\/posts\/12178\/revisions"}],"predecessor-version":[{"id":12180,"href":"https:\/\/contrastes.com.co\/digital\/wp-json\/wp\/v2\/posts\/12178\/revisions\/12180"}],"wp:featuredmedia":[{"embeddable":true,"href":"https:\/\/contrastes.com.co\/digital\/wp-json\/wp\/v2\/media\/12179"}],"wp:attachment":[{"href":"https:\/\/contrastes.com.co\/digital\/wp-json\/wp\/v2\/media?parent=12178"}],"wp:term":[{"taxonomy":"category","embeddable":true,"href":"https:\/\/contrastes.com.co\/digital\/wp-json\/wp\/v2\/categories?post=12178"},{"taxonomy":"post_tag","embeddable":true,"href":"https:\/\/contrastes.com.co\/digital\/wp-json\/wp\/v2\/tags?post=12178"}],"curies":[{"name":"wp","href":"https:\/\/api.w.org\/{rel}","templated":true}]}}