{"id":12181,"date":"2022-11-04T15:43:32","date_gmt":"2022-11-04T20:43:32","guid":{"rendered":"https:\/\/contrastes.com.co\/digital\/?p=12181"},"modified":"2022-11-04T15:43:32","modified_gmt":"2022-11-04T20:43:32","slug":"consternacion-por-la-muerte-de-samara-la-menor-fue-victima-de-una-bala-perdida-en-la-magdalena","status":"publish","type":"post","link":"https:\/\/contrastes.com.co\/digital\/consternacion-por-la-muerte-de-samara-la-menor-fue-victima-de-una-bala-perdida-en-la-magdalena\/","title":{"rendered":"Consternaci\u00f3n por la muerte de Samara, la menor fue v\u00edctima de una &#8216;bala perdida&#8217; en La Magdalena"},"content":{"rendered":"<p><strong>*Consternaci\u00f3n por la muerte de Samara, la menor v\u00edctima de una &#8216;bala perdida&#8217; en medio de un tiroteo entre fleteros<\/strong><\/p>\n<blockquote><p><strong>\u00abEl tiro lo recibi\u00f3 en el coraz\u00f3n. Cuando la llevaron al Hospital ya iba sin signos vitales\u00bb, cont\u00f3 la t\u00eda. Samara era una buena estudiante, emprendedora y ten\u00eda un don para dibujar, a\u00f1adi\u00f3. \u00abEra una artista, le gustaba pintar. Pintaba muchos paisajes. Su cuarto lo tiene bien bonito de dibujos\u00bb, cont\u00f3 entre lagrimas.<\/strong><\/p><\/blockquote>\n<p><img loading=\"lazy\" decoding=\"async\" class=\"alignleft  wp-image-8524\" src=\"https:\/\/contrastes.com.co\/digital\/wp-content\/uploads\/2022\/03\/l-capitular.png\" alt=\"l capitular\" width=\"78\" height=\"78\" srcset=\"https:\/\/contrastes.com.co\/digital\/wp-content\/uploads\/2022\/03\/l-capitular.png 150w, https:\/\/contrastes.com.co\/digital\/wp-content\/uploads\/2022\/03\/l-capitular-60x60.png 60w\" sizes=\"auto, (max-width: 78px) 100vw, 78px\" \/>os familiares de Samara Cerpa Avenda\u00f1o, sumidos en el dolor. Amanecieron con la tristeza de que m\u00e1s nunca ver\u00e1n sonre\u00edr a la adolescente, de 14 a\u00f1os. La ciudadan\u00eda, por su parte se encuentra consternada y se pregunta si en esta ocasi\u00f3n tambi\u00e9n quedar\u00e1 impune la muerte de esta joven cuyos sue\u00f1os fueron truncados por una bala perdida.<\/p>\n<p>\u00abElla normalmente sal\u00eda en la tarde, pero ayer el colegio los solt\u00f3 temprano y se mont\u00f3 en la buseta para irse a la casa. La buseta la deja cerca de la casa. Iba con una compa\u00f1era, quien iba en la ventanilla y Samara iba en la silla del pasillo cuando la bala entr\u00f3 y la impact\u00f3\u00bb, cont\u00f3 una t\u00eda en la ma\u00f1ana de este viernes en Medicina Legal.<\/p>\n<p>La mujer era la que se notaba m\u00e1s calmada de todos los familiares. La mayor\u00eda, entre ellos el pap\u00e1 de la adolescente, lloraban sin cesar por esta p\u00e9rdida.<\/p>\n<p>\u00abEl tiro lo recibi\u00f3 en el coraz\u00f3n. Cuando la llevaron al Hospital ya iba sin signos vitales\u00bb, cont\u00f3 la t\u00eda. Samara era una buena estudiante, emprendedora y ten\u00eda un don para dibujar, a\u00f1adi\u00f3. \u00abEra una artista, le gustaba pintar. Pintaba muchos paisajes. Su cuarto lo tiene bien bonito de dibujos\u00bb, cont\u00f3 entre lagrimas.<\/p>\n<p>La adolescente en junio del pr\u00f3ximo a\u00f1o iba a cumplir sus 15 a\u00f1os y desde ya estaban los familiares organizando como ser\u00eda esa fiesta.<\/p>\n<blockquote><p>Sin embargo, la inseguridad en Barranquilla termin\u00f3 con quitarle la oportunidad a Samara de vivir su quincea\u00f1ero y de disfrutar esa fecha importante al lado de los suyos.<\/p><\/blockquote>\n<p>Hay indignaci\u00f3n entre familiares, amigos, compa\u00f1eros de clases, vecinos y de toda la ciudadan\u00eda barranquillera por este vil crimen.<\/p>\n<p>Una nueva vida inocente se ha perdido por culpa de los delincuentes que buscan obtener dinero de manera f\u00e1cil. Su avaricia por la plata no los lleva a dimensionar el da\u00f1o irreparable que le han ocasionado a esta familia.<\/p>\n<p>Samara estaba estudiando noveno grado en el <strong>colegio Mar\u00eda Auxiliadora<\/strong>, en el <strong>barrio La Magdalena<\/strong>, donde ocurri\u00f3 la balacera.<\/p>\n<h3>\u00bfC\u00f3mo fue la balacera?<\/h3>\n<p>Lo que hasta el momento han establecido las autoridades es que un ciudadano hab\u00eda retirado una fuerte suma de dinero de un banco del centro comercial Panorama y al llegar al barrio La Magdalena fue interceptado por fleteros en motos.<\/p>\n<p>Fue all\u00ed cuando se inici\u00f3 un intercambio de disparos entre los delincuentes y su v\u00edctima.<\/p>\n<p>En ese instante pasaba la <strong>buseta de La Carolina<\/strong> donde se transportaba Samara con su compa\u00f1era y una bala &#8216;perdida&#8217; la impact\u00f3 a ella al igual que un hombre de 73 a\u00f1os que iba tambi\u00e9n de pasajero.<\/p>\n<p>En la misma buseta, la adolescente y el adulto mayor fueron llevados al Hospital Universidad del Norte, donde se confirm\u00f3 la muerte de la menor de edad mientras que el adulto qued\u00f3 herido con una bala en una de sus piernas.<\/p>\n<h3>Recompensa<\/h3>\n<p>La <strong>Gobernaci\u00f3n del Atl\u00e1ntico, la Alcald\u00eda de Barranquilla y la Polic\u00eda Metropolitana<\/strong> est\u00e1n ofreciendo una recompensa de hasta 50 millones de pesos para quien suministre informaci\u00f3n que conlleve a capturar a los fleteros que ocasionaron esta tragedia.<\/p>\n","protected":false},"excerpt":{"rendered":"<p>Los familiares de Samara Cerpa Avenda\u00f1o, sumidos en el dolor. Amanecieron con la tristeza de que m\u00e1s nunca ver\u00e1n sonre\u00edr a la adolescente, de 14 a\u00f1os. La ciudadan\u00eda, por su parte se encuentra consternada y se pregunta si en esta ocasi\u00f3n tambi\u00e9n quedar\u00e1 impune la muerte de esta joven cuyos sue\u00f1os fueron truncados por una bala perdida.<\/p>\n","protected":false},"author":1,"featured_media":12182,"comment_status":"open","ping_status":"open","sticky":false,"template":"","format":"standard","meta":{"footnotes":""},"categories":[1462,10,6],"tags":[7959,7960,5932,56,6130,7962,7963,30,7961,2442,2517],"class_list":["post-12181","post","type-post","status-publish","format-standard","has-post-thumbnail","hentry","category-inseguridad","category-judicial","category-region","tag-adolescente-asesinada","tag-bala-perdida","tag-balacera","tag-barranquilla","tag-barrio-la-magdalena","tag-buseta-la-carolina","tag-colegio-maria-auxiliadora","tag-gobernacion-del-atlantico","tag-la-alcaldia-de-barranquilla","tag-policia-metropolitana","tag-tiroteo"],"_links":{"self":[{"href":"https:\/\/contrastes.com.co\/digital\/wp-json\/wp\/v2\/posts\/12181","targetHints":{"allow":["GET"]}}],"collection":[{"href":"https:\/\/contrastes.com.co\/digital\/wp-json\/wp\/v2\/posts"}],"about":[{"href":"https:\/\/contrastes.com.co\/digital\/wp-json\/wp\/v2\/types\/post"}],"author":[{"embeddable":true,"href":"https:\/\/contrastes.com.co\/digital\/wp-json\/wp\/v2\/users\/1"}],"replies":[{"embeddable":true,"href":"https:\/\/contrastes.com.co\/digital\/wp-json\/wp\/v2\/comments?post=12181"}],"version-history":[{"count":1,"href":"https:\/\/contrastes.com.co\/digital\/wp-json\/wp\/v2\/posts\/12181\/revisions"}],"predecessor-version":[{"id":12183,"href":"https:\/\/contrastes.com.co\/digital\/wp-json\/wp\/v2\/posts\/12181\/revisions\/12183"}],"wp:featuredmedia":[{"embeddable":true,"href":"https:\/\/contrastes.com.co\/digital\/wp-json\/wp\/v2\/media\/12182"}],"wp:attachment":[{"href":"https:\/\/contrastes.com.co\/digital\/wp-json\/wp\/v2\/media?parent=12181"}],"wp:term":[{"taxonomy":"category","embeddable":true,"href":"https:\/\/contrastes.com.co\/digital\/wp-json\/wp\/v2\/categories?post=12181"},{"taxonomy":"post_tag","embeddable":true,"href":"https:\/\/contrastes.com.co\/digital\/wp-json\/wp\/v2\/tags?post=12181"}],"curies":[{"name":"wp","href":"https:\/\/api.w.org\/{rel}","templated":true}]}}