{"id":12238,"date":"2022-11-09T14:17:04","date_gmt":"2022-11-09T19:17:04","guid":{"rendered":"https:\/\/contrastes.com.co\/digital\/?p=12238"},"modified":"2022-11-09T14:17:04","modified_gmt":"2022-11-09T19:17:04","slug":"fallecio-hombre-que-fue-baleado-el-lunes-en-el-barrio-los-girasoles","status":"publish","type":"post","link":"https:\/\/contrastes.com.co\/digital\/fallecio-hombre-que-fue-baleado-el-lunes-en-el-barrio-los-girasoles\/","title":{"rendered":"Falleci\u00f3 hombre que fue baleado el lunes en el barrio Los Girasoles"},"content":{"rendered":"<p><strong>*Muri\u00f3 hombre tras haber sido baleado en el barrio Los Girasoles<\/strong><\/p>\n<blockquote><p><strong>Hab\u00eda sido baleado el pasado lunes festivo, a las 11:40 de la noche en la calle 47 con carrera 10 sur, barrio Los Girasoles, en el sur de Barranquilla. Seg\u00fan el reporte de las autoridades, la v\u00edctima estaba en v\u00eda p\u00fablica cuando dos hombres en moto se le acercaron y le dispararon.<\/strong><\/p><\/blockquote>\n<p><img loading=\"lazy\" decoding=\"async\" class=\"alignleft  wp-image-8529\" src=\"https:\/\/contrastes.com.co\/digital\/wp-content\/uploads\/2022\/03\/e-capitular.png\" alt=\"e capitular\" width=\"61\" height=\"61\" srcset=\"https:\/\/contrastes.com.co\/digital\/wp-content\/uploads\/2022\/03\/e-capitular.png 150w, https:\/\/contrastes.com.co\/digital\/wp-content\/uploads\/2022\/03\/e-capitular-60x60.png 60w\" sizes=\"auto, (max-width: 61px) 100vw, 61px\" \/>n el Hospital General de Barranquilla falleci\u00f3 el d\u00eda anterior <strong>William Calder\u00f3n Bautista, de 38 a\u00f1os<\/strong>, quien el pasado lunes festivo, a las 11:40 de la noche fue baleado en la calle 47 con carrera 10 sur, barrio Los Girasoles, en el sur de Barranquilla. Seg\u00fan el reporte de las autoridades, la v\u00edctima estaba en v\u00eda p\u00fablica cuando dos hombres en moto se le acercaron y le dispararon.<\/p>\n<p>La v\u00edctima fue llevada en primera instancia al Camino Ciudadela 20 de Julio y de all\u00ed remitida al Hospital General de Barranquilla, donde falleci\u00f3. La Polic\u00eda Metropolitana se encuentra al frente de las investigaciones para determinar los m\u00f3viles de este crimen.<\/p>\n<p>De la v\u00edctima se logr\u00f3 establecer que dej\u00f3 dos hijos de 9 y 6 a\u00f1os, y ten\u00eda un carro de comidas r\u00e1pidas que lo sacaba los fines de semana. Adem\u00e1s, tambi\u00e9n se dedicaba al oficio de la alba\u00f1iler\u00eda. El hombre resid\u00eda en la carrera 11sur con calle 47, en el mismo barrio Los Girasoles.<\/p>\n","protected":false},"excerpt":{"rendered":"<p>En el Hospital General de Barranquilla falleci\u00f3 el d\u00eda anterior William Calder\u00f3n Bautista, de 38 a\u00f1os, quien el pasado lunes festivo, a las 11:40 de la noche fue baleado en la calle 47 con carrera 10 sur, barrio Los Girasoles, en el sur de Barranquilla. Seg\u00fan el reporte de las autoridades, la v\u00edctima estaba en v\u00eda p\u00fablica cuando dos hombres en moto se le acercaron y le dispararon.<\/p>\n","protected":false},"author":1,"featured_media":12239,"comment_status":"open","ping_status":"open","sticky":false,"template":"","format":"standard","meta":{"footnotes":""},"categories":[10,6],"tags":[6423,6093,8026,5988],"class_list":["post-12238","post","type-post","status-publish","format-standard","has-post-thumbnail","hentry","category-judicial","category-region","tag-arma-de-fuego","tag-baleado","tag-barrio-los-girasoles","tag-sur-de-barranquilla"],"_links":{"self":[{"href":"https:\/\/contrastes.com.co\/digital\/wp-json\/wp\/v2\/posts\/12238","targetHints":{"allow":["GET"]}}],"collection":[{"href":"https:\/\/contrastes.com.co\/digital\/wp-json\/wp\/v2\/posts"}],"about":[{"href":"https:\/\/contrastes.com.co\/digital\/wp-json\/wp\/v2\/types\/post"}],"author":[{"embeddable":true,"href":"https:\/\/contrastes.com.co\/digital\/wp-json\/wp\/v2\/users\/1"}],"replies":[{"embeddable":true,"href":"https:\/\/contrastes.com.co\/digital\/wp-json\/wp\/v2\/comments?post=12238"}],"version-history":[{"count":2,"href":"https:\/\/contrastes.com.co\/digital\/wp-json\/wp\/v2\/posts\/12238\/revisions"}],"predecessor-version":[{"id":12241,"href":"https:\/\/contrastes.com.co\/digital\/wp-json\/wp\/v2\/posts\/12238\/revisions\/12241"}],"wp:featuredmedia":[{"embeddable":true,"href":"https:\/\/contrastes.com.co\/digital\/wp-json\/wp\/v2\/media\/12239"}],"wp:attachment":[{"href":"https:\/\/contrastes.com.co\/digital\/wp-json\/wp\/v2\/media?parent=12238"}],"wp:term":[{"taxonomy":"category","embeddable":true,"href":"https:\/\/contrastes.com.co\/digital\/wp-json\/wp\/v2\/categories?post=12238"},{"taxonomy":"post_tag","embeddable":true,"href":"https:\/\/contrastes.com.co\/digital\/wp-json\/wp\/v2\/tags?post=12238"}],"curies":[{"name":"wp","href":"https:\/\/api.w.org\/{rel}","templated":true}]}}