{"id":12247,"date":"2022-11-09T14:45:24","date_gmt":"2022-11-09T19:45:24","guid":{"rendered":"https:\/\/contrastes.com.co\/digital\/?p=12247"},"modified":"2022-11-09T14:45:24","modified_gmt":"2022-11-09T19:45:24","slug":"del-seguimiento-para-analizar-temas-algidos-de-seguridad-en-soledad-y-el-pacto-por-los-jovenes","status":"publish","type":"post","link":"https:\/\/contrastes.com.co\/digital\/del-seguimiento-para-analizar-temas-algidos-de-seguridad-en-soledad-y-el-pacto-por-los-jovenes\/","title":{"rendered":"Del seguimiento para analizar temas \u00e1lgidos de seguridad en Soledad y el \u00abPacto por Los J\u00f3venes\u00bb"},"content":{"rendered":"<p><strong>*Reuni\u00f3n de seguimiento para analizar los temas \u00e1lgidos de seguridad en Soledad<\/strong><\/p>\n<blockquote><p><strong>Las autoridades militares y policiales indicaron que contin\u00faan haciendo presencia mediante los grupos Gaula. En el desarrollo de la reuni\u00f3n, la Secretar\u00eda de Gobierno se comprometi\u00f3 a entregar a los comerciantes equipos de comunicaci\u00f3n y c\u00e1maras de seguridad en los pr\u00f3ximos d\u00edas. Tambi\u00e9n a articular acciones con la Direcci\u00f3n de Tr\u00e1nsito para regular el tr\u00e1fico vehicular en lugares concurridos del municipio.<\/strong><\/p><\/blockquote>\n<p><img loading=\"lazy\" decoding=\"async\" class=\"alignleft  wp-image-8524\" src=\"https:\/\/contrastes.com.co\/digital\/wp-content\/uploads\/2022\/03\/l-capitular.png\" alt=\"l capitular\" width=\"73\" height=\"73\" srcset=\"https:\/\/contrastes.com.co\/digital\/wp-content\/uploads\/2022\/03\/l-capitular.png 150w, https:\/\/contrastes.com.co\/digital\/wp-content\/uploads\/2022\/03\/l-capitular-60x60.png 60w\" sizes=\"auto, (max-width: 73px) 100vw, 73px\" \/>a <strong>Secretar\u00eda de Gobierno<\/strong> convoc\u00f3 una reuni\u00f3n de seguimiento para analizar los temas \u00e1lgidos de seguridad en el municipio. En el espacio, liderado por el <strong>secretario Samir Serret Brango<\/strong>, con el acompa\u00f1amiento de la <strong>alcaldesa encargada, Yesenia Ocampo<\/strong>, se revisaron las acciones de seguridad enfocadas en los comerciantes del ente territorial, para neutralizar el delito de la extorsi\u00f3n.<\/p>\n<p>Las autoridades militares y policiales indicaron que contin\u00faan haciendo presencia mediante los grupos Gaula. En el desarrollo de la reuni\u00f3n, la Secretar\u00eda de Gobierno se comprometi\u00f3 a entregar a los comerciantes equipos de comunicaci\u00f3n y c\u00e1maras de seguridad en los pr\u00f3ximos d\u00edas. Tambi\u00e9n a articular acciones con la Direcci\u00f3n de Tr\u00e1nsito para regular el tr\u00e1fico vehicular en lugares concurridos del municipio.<\/p>\n<h3><strong>\u201cPacto por Los J\u00f3venes\u201d<\/strong><\/h3>\n<figure id=\"attachment_12249\" aria-describedby=\"caption-attachment-12249\" style=\"width: 999px\" class=\"wp-caption alignleft\"><img loading=\"lazy\" decoding=\"async\" class=\"wp-image-12249 size-full\" src=\"https:\/\/contrastes.com.co\/digital\/wp-content\/uploads\/2022\/11\/terranova.jpg\" alt=\"terranova jovenes\" width=\"999\" height=\"449\" srcset=\"https:\/\/contrastes.com.co\/digital\/wp-content\/uploads\/2022\/11\/terranova.jpg 999w, https:\/\/contrastes.com.co\/digital\/wp-content\/uploads\/2022\/11\/terranova-300x135.jpg 300w, https:\/\/contrastes.com.co\/digital\/wp-content\/uploads\/2022\/11\/terranova-768x345.jpg 768w\" sizes=\"auto, (max-width: 999px) 100vw, 999px\" \/><figcaption id=\"caption-attachment-12249\" class=\"wp-caption-text\">Los j\u00f3venes del barrio Terranova se suman tambi\u00e9n al programa \u00abPacto Por Los J\u00f3venes\u00bb, liderado por la secretar\u00eda de Gobierno de la alcald\u00eda de Soledad y que viene rindiendo buenos resultados en la localidad en materia de Convivencia y Cultura Ciudadana.<\/figcaption><\/figure>\n<p>De otra parte, en el marco del <strong>programa \u201cPacto por Los J\u00f3venes\u201d<\/strong>, estrategia en la cual se les brinda capacitaciones en Seguridad, Convivencia y Cultura Ciudadana, esta incorporar\u00e1 a los j\u00f3venes del barrio Terranova con el que se sellar\u00e1 el Pacto de Sana Convivencia, tal y como se realiz\u00f3 con los j\u00f3venes de los barrios La Viola, Villa Estadio y Villa Katanga, esta es una iniciativa que se trabaja de manera mancomunada entre la comunidad y la alcald\u00eda de Soledad con el apoyo de la Polic\u00eda Nacional de los Colombianos.<\/p>\n<p>El secretario de Gobierno, Samir Serret Brango, indic\u00f3 que desde el <strong>Centro de Atenci\u00f3n de Seguridad y Convivencia Ciudadana,<\/strong> de la Alcald\u00eda de Soledad, se adelantan acciones con diferentes comunidades, en donde se han identificado j\u00f3venes en situaci\u00f3n de vulnerabilidad.<\/p>\n<blockquote><p><strong>\u201cVamos a brindarles garant\u00edas para que construyan y sean optimistas con su proyecto de vida\u201d, indic\u00f3 el funcionario.<\/strong><\/p><\/blockquote>\n","protected":false},"excerpt":{"rendered":"<p>La Secretar\u00eda de Gobierno convoc\u00f3 una reuni\u00f3n de seguimiento para analizar los temas \u00e1lgidos de seguridad en el municipio. En el espacio, liderado por el secretario Samir Serret Brango, con el acompa\u00f1amiento de la alcaldesa encargada, Yesenia Ocampo, se revisaron las acciones de seguridad enfocadas en los comerciantes del ente territorial, para neutralizar el delito de la extorsi\u00f3n.<\/p>\n","protected":false},"author":1,"featured_media":12248,"comment_status":"open","ping_status":"open","sticky":false,"template":"","format":"standard","meta":{"footnotes":""},"categories":[1462,10,1004,2],"tags":[5192,35,7931,38,4415,989,8030,334],"class_list":["post-12247","post","type-post","status-publish","format-standard","has-post-thumbnail","hentry","category-inseguridad","category-judicial","category-juventud","category-locales","tag-alcaldesa-encargada","tag-alcaldia-de-soledad","tag-centro-de-atencion-de-seguridad-y-convivencia-ciudadana","tag-municipio-de-soledad","tag-samir-serret-brango","tag-secretario-de-gobierno-de-soledad","tag-seguridad-en-soledad","tag-yesenia-ocampo"],"_links":{"self":[{"href":"https:\/\/contrastes.com.co\/digital\/wp-json\/wp\/v2\/posts\/12247","targetHints":{"allow":["GET"]}}],"collection":[{"href":"https:\/\/contrastes.com.co\/digital\/wp-json\/wp\/v2\/posts"}],"about":[{"href":"https:\/\/contrastes.com.co\/digital\/wp-json\/wp\/v2\/types\/post"}],"author":[{"embeddable":true,"href":"https:\/\/contrastes.com.co\/digital\/wp-json\/wp\/v2\/users\/1"}],"replies":[{"embeddable":true,"href":"https:\/\/contrastes.com.co\/digital\/wp-json\/wp\/v2\/comments?post=12247"}],"version-history":[{"count":1,"href":"https:\/\/contrastes.com.co\/digital\/wp-json\/wp\/v2\/posts\/12247\/revisions"}],"predecessor-version":[{"id":12250,"href":"https:\/\/contrastes.com.co\/digital\/wp-json\/wp\/v2\/posts\/12247\/revisions\/12250"}],"wp:featuredmedia":[{"embeddable":true,"href":"https:\/\/contrastes.com.co\/digital\/wp-json\/wp\/v2\/media\/12248"}],"wp:attachment":[{"href":"https:\/\/contrastes.com.co\/digital\/wp-json\/wp\/v2\/media?parent=12247"}],"wp:term":[{"taxonomy":"category","embeddable":true,"href":"https:\/\/contrastes.com.co\/digital\/wp-json\/wp\/v2\/categories?post=12247"},{"taxonomy":"post_tag","embeddable":true,"href":"https:\/\/contrastes.com.co\/digital\/wp-json\/wp\/v2\/tags?post=12247"}],"curies":[{"name":"wp","href":"https:\/\/api.w.org\/{rel}","templated":true}]}}