{"id":12357,"date":"2022-11-18T14:58:36","date_gmt":"2022-11-18T19:58:36","guid":{"rendered":"https:\/\/contrastes.com.co\/digital\/?p=12357"},"modified":"2022-11-18T14:58:36","modified_gmt":"2022-11-18T19:58:36","slug":"otro-homicidio-en-sabanalarga-van-7-en-lo-que-va-de-noviembre","status":"publish","type":"post","link":"https:\/\/contrastes.com.co\/digital\/otro-homicidio-en-sabanalarga-van-7-en-lo-que-va-de-noviembre\/","title":{"rendered":"Otro homicidio en Sabanalarga: van 7 en lo que va de noviembre"},"content":{"rendered":"<p><strong>*Otro homicidio en Sabanalarga: van 7 en lo que va de noviembre<\/strong><\/p>\n<blockquote><p><strong>La comunidad est\u00e1 alarmada porque ya van siete homicidios registrados en lo que va del mes en Sabanalarga, incluido un joven desmembrado.<\/strong><\/p><\/blockquote>\n<p><img loading=\"lazy\" decoding=\"async\" class=\"alignleft  wp-image-8524\" src=\"https:\/\/contrastes.com.co\/digital\/wp-content\/uploads\/2022\/03\/l-capitular.png\" alt=\"l capitular\" width=\"74\" height=\"74\" srcset=\"https:\/\/contrastes.com.co\/digital\/wp-content\/uploads\/2022\/03\/l-capitular.png 150w, https:\/\/contrastes.com.co\/digital\/wp-content\/uploads\/2022\/03\/l-capitular-60x60.png 60w\" sizes=\"auto, (max-width: 74px) 100vw, 74px\" \/>a situaci\u00f3n de orden p\u00fablico en Sabanalarga contin\u00faa ocupando espacios en los medios de comunicaci\u00f3n, este viernes se registr\u00f3 un nuevo homicidio. Un mototaxista que se transportaba en su veh\u00edculo fue atacado a tiros por sicarios en moto cuando circulaba por la carrera 24, sector conocido como &#8216;La Fuente&#8217;.<\/p>\n<p>El mototaxista qued\u00f3 tendido en el lugar de los hechos y fue identificado como Jos\u00e9 Leonardo P\u00e9rez Garc\u00eda, quien era cari\u00f1osamente conocido como &#8216;Pocho&#8217;, de 21 a\u00f1os de edad.<\/p>\n<p>La comunidad est\u00e1 alarmada porque ya van siete homicidios registrados en lo que va del mes en Sabanalarga, incluido un joven desmembrado.<\/p>\n<p>Los pobladores temen que estas acciones est\u00e9n siendo propiciadas por el &#8216;Clan del Golfo&#8217;.<\/p>\n<p>En el municipio est\u00e1n exigiendo acciones contundentes a la Alcald\u00eda y a la Polic\u00eda de Atl\u00e1ntico para contener los hechos violentos.<\/p>\n","protected":false},"excerpt":{"rendered":"<p>La situaci\u00f3n de orden p\u00fablico en Sabanalarga contin\u00faa ocupando espacios en los medios de comunicaci\u00f3n, este viernes se registr\u00f3 un nuevo homicidio. Un mototaxista que se transportaba en su veh\u00edculo fue atacado a tiros por sicarios en moto cuando circulaba por la carrera 24, sector conocido como &#8216;La Fuente&#8217;.<\/p>\n","protected":false},"author":1,"featured_media":12358,"comment_status":"open","ping_status":"open","sticky":false,"template":"","format":"standard","meta":{"footnotes":""},"categories":[10,6],"tags":[68,1656,5476,754],"class_list":["post-12357","post","type-post","status-publish","format-standard","has-post-thumbnail","hentry","category-judicial","category-region","tag-departamento-del-atlantico","tag-homicidio","tag-mototaxista","tag-municipio-de-sabanalarga"],"_links":{"self":[{"href":"https:\/\/contrastes.com.co\/digital\/wp-json\/wp\/v2\/posts\/12357","targetHints":{"allow":["GET"]}}],"collection":[{"href":"https:\/\/contrastes.com.co\/digital\/wp-json\/wp\/v2\/posts"}],"about":[{"href":"https:\/\/contrastes.com.co\/digital\/wp-json\/wp\/v2\/types\/post"}],"author":[{"embeddable":true,"href":"https:\/\/contrastes.com.co\/digital\/wp-json\/wp\/v2\/users\/1"}],"replies":[{"embeddable":true,"href":"https:\/\/contrastes.com.co\/digital\/wp-json\/wp\/v2\/comments?post=12357"}],"version-history":[{"count":1,"href":"https:\/\/contrastes.com.co\/digital\/wp-json\/wp\/v2\/posts\/12357\/revisions"}],"predecessor-version":[{"id":12359,"href":"https:\/\/contrastes.com.co\/digital\/wp-json\/wp\/v2\/posts\/12357\/revisions\/12359"}],"wp:featuredmedia":[{"embeddable":true,"href":"https:\/\/contrastes.com.co\/digital\/wp-json\/wp\/v2\/media\/12358"}],"wp:attachment":[{"href":"https:\/\/contrastes.com.co\/digital\/wp-json\/wp\/v2\/media?parent=12357"}],"wp:term":[{"taxonomy":"category","embeddable":true,"href":"https:\/\/contrastes.com.co\/digital\/wp-json\/wp\/v2\/categories?post=12357"},{"taxonomy":"post_tag","embeddable":true,"href":"https:\/\/contrastes.com.co\/digital\/wp-json\/wp\/v2\/tags?post=12357"}],"curies":[{"name":"wp","href":"https:\/\/api.w.org\/{rel}","templated":true}]}}