{"id":12420,"date":"2022-11-24T17:08:22","date_gmt":"2022-11-24T22:08:22","guid":{"rendered":"https:\/\/contrastes.com.co\/digital\/?p=12420"},"modified":"2022-11-24T17:27:38","modified_gmt":"2022-11-24T22:27:38","slug":"alcaldia-de-soledad-capacita-a-trabajadores-de-ips-en-la-ruta-integral-de-atencion-en-salud-rias","status":"publish","type":"post","link":"https:\/\/contrastes.com.co\/digital\/alcaldia-de-soledad-capacita-a-trabajadores-de-ips-en-la-ruta-integral-de-atencion-en-salud-rias\/","title":{"rendered":"Alcald\u00eda de Soledad capacita a trabajadores de IPS en la Ruta Integral de Atenci\u00f3n en Salud, RIAS"},"content":{"rendered":"<p><strong>*Alcald\u00eda de Soledad capacita a trabajadores de IPS en la Ruta Integral de Atenci\u00f3n en Salud, RIAS<\/strong><\/p>\n<blockquote><p><strong>En este a\u00f1o el \u00e1rea de Salud P\u00fablica, en su dimensi\u00f3n de estilos de vida saludables, ha desarrollado cuatro convocatorias relacionadas con Ruta Integral de Atenci\u00f3n en Salud, RIAS.<\/strong><\/p><\/blockquote>\n<p><img loading=\"lazy\" decoding=\"async\" class=\"alignleft  wp-image-8518\" src=\"https:\/\/contrastes.com.co\/digital\/wp-content\/uploads\/2022\/03\/c-capitular.png\" alt=\"c capitular\" width=\"69\" height=\"69\" srcset=\"https:\/\/contrastes.com.co\/digital\/wp-content\/uploads\/2022\/03\/c-capitular.png 150w, https:\/\/contrastes.com.co\/digital\/wp-content\/uploads\/2022\/03\/c-capitular-60x60.png 60w\" sizes=\"auto, (max-width: 69px) 100vw, 69px\" \/>on el prop\u00f3sito de implementar la <strong>Ruta Integral de Atenci\u00f3n en Salud, RIAS<\/strong>, en el <strong>proceso de diagn\u00f3stico y tratamiento de c\u00e1ncer y enfermedades cardiovasculares<\/strong>, la <strong>Secretar\u00eda de Salud de Soledad<\/strong> capacit\u00f3 al talento humano de las diferentes<strong> Instituciones Prestadoras de Servicios de Salud, IPS, p\u00fablicas y privadas<\/strong>.<\/p>\n<p>Este espacio de formaci\u00f3n, que cont\u00f3 con la participaci\u00f3n de la <strong>secretaria General y alcaldesa encargada, Amalfi Gaviria<\/strong>, adem\u00e1s del <strong>secretario de Salud, Manuel Navarro<\/strong>, permiti\u00f3 que trabajadores de doce IPS conocieran las pautas que establece la ruta de atenci\u00f3n en la prestaci\u00f3n de los servicios de salud a la poblaci\u00f3n y adecuen el modelo, seg\u00fan los protocolos establecidos por el <strong>Ministerio de Salud y Protecci\u00f3n Social.<\/strong><\/p>\n<p>En este 2022, el <strong>\u00e1rea de Salud P\u00fablica<\/strong>, en su dimensi\u00f3n de estilos de vida saludables, ha desarrollado cuatro convocatorias relacionadas con Ruta Integral de Atenci\u00f3n en Salud, RIAS.<\/p>\n<p>Las Rutas Integrales de Atenci\u00f3n en Salud \u2013 RIAS\u2014definen las condiciones necesarias para asegurar la integralidad en la atenci\u00f3n por parte de los agentes del Sistema de Salud (territorio, asegurador, prestador) y de otros sectores.<\/p>\n","protected":false},"excerpt":{"rendered":"<p>Con el prop\u00f3sito de implementar la Ruta Integral de Atenci\u00f3n en Salud, RIAS, en el proceso de diagn\u00f3stico y tratamiento de c\u00e1ncer y enfermedades cardiovasculares, la Secretar\u00eda de Salud de Soledad capacit\u00f3 al talento humano de las diferentes Instituciones Prestadoras de Servicios de Salud, IPS, p\u00fablicas y privadas.<\/p>\n","protected":false},"author":1,"featured_media":12428,"comment_status":"open","ping_status":"open","sticky":false,"template":"","format":"standard","meta":{"footnotes":""},"categories":[3834,2,268],"tags":[35,5776,8173,8174,713,4721,1863,38,8171,8170,8169,4529,8172],"class_list":["post-12420","post","type-post","status-publish","format-standard","has-post-thumbnail","hentry","category-cursos-y-capacitaciones","category-locales","category-salud","tag-alcaldia-de-soledad","tag-amalfi-gaviria","tag-area-de-salud-publica","tag-instituciones-prestadoras-de-servicios-de-salud","tag-ips","tag-manuel-navarro","tag-ministerio-de-salud-y-proteccion-social","tag-municipio-de-soledad","tag-rias","tag-ruta-integral-de-atencion-en-salud","tag-secretaria-general-y-alcaldesa-encargada","tag-secretario-de-salud","tag-tratamiento-de-cancer-y-enfermedades-cardiovasculares"],"_links":{"self":[{"href":"https:\/\/contrastes.com.co\/digital\/wp-json\/wp\/v2\/posts\/12420","targetHints":{"allow":["GET"]}}],"collection":[{"href":"https:\/\/contrastes.com.co\/digital\/wp-json\/wp\/v2\/posts"}],"about":[{"href":"https:\/\/contrastes.com.co\/digital\/wp-json\/wp\/v2\/types\/post"}],"author":[{"embeddable":true,"href":"https:\/\/contrastes.com.co\/digital\/wp-json\/wp\/v2\/users\/1"}],"replies":[{"embeddable":true,"href":"https:\/\/contrastes.com.co\/digital\/wp-json\/wp\/v2\/comments?post=12420"}],"version-history":[{"count":3,"href":"https:\/\/contrastes.com.co\/digital\/wp-json\/wp\/v2\/posts\/12420\/revisions"}],"predecessor-version":[{"id":12430,"href":"https:\/\/contrastes.com.co\/digital\/wp-json\/wp\/v2\/posts\/12420\/revisions\/12430"}],"wp:featuredmedia":[{"embeddable":true,"href":"https:\/\/contrastes.com.co\/digital\/wp-json\/wp\/v2\/media\/12428"}],"wp:attachment":[{"href":"https:\/\/contrastes.com.co\/digital\/wp-json\/wp\/v2\/media?parent=12420"}],"wp:term":[{"taxonomy":"category","embeddable":true,"href":"https:\/\/contrastes.com.co\/digital\/wp-json\/wp\/v2\/categories?post=12420"},{"taxonomy":"post_tag","embeddable":true,"href":"https:\/\/contrastes.com.co\/digital\/wp-json\/wp\/v2\/tags?post=12420"}],"curies":[{"name":"wp","href":"https:\/\/api.w.org\/{rel}","templated":true}]}}