{"id":12437,"date":"2022-11-25T17:44:41","date_gmt":"2022-11-25T22:44:41","guid":{"rendered":"https:\/\/contrastes.com.co\/digital\/?p=12437"},"modified":"2022-11-25T17:44:41","modified_gmt":"2022-11-25T22:44:41","slug":"cae-el-patron-quien-estaria-almacenando-armas-para-los-costenos-policia","status":"publish","type":"post","link":"https:\/\/contrastes.com.co\/digital\/cae-el-patron-quien-estaria-almacenando-armas-para-los-costenos-policia\/","title":{"rendered":"Cae &#8216;El patr\u00f3n&#8217;, quien estar\u00eda almacenando armas para &#8216;Los Coste\u00f1os&#8217;: Polic\u00eda"},"content":{"rendered":"<p><strong>*Cae &#8216;El patr\u00f3n&#8217;, quien estar\u00eda almacenando armas para &#8216;Los Coste\u00f1os&#8217;: Polic\u00eda<\/strong><\/p>\n<blockquote><p><strong>Seg\u00fan la Polic\u00eda, \u00abeste individuo, de 27 a\u00f1os, ser\u00eda el encargado de la log\u00edstica y almacenamiento de armas de fuego, al servicio de un grupo delincuencial com\u00fan organizado\u00bb.<\/strong><\/p><\/blockquote>\n<p><img loading=\"lazy\" decoding=\"async\" class=\"alignleft  wp-image-8700\" src=\"https:\/\/contrastes.com.co\/digital\/wp-content\/uploads\/2022\/04\/J-capitular.png\" alt=\"j capitular\" width=\"63\" height=\"63\" srcset=\"https:\/\/contrastes.com.co\/digital\/wp-content\/uploads\/2022\/04\/J-capitular.png 100w, https:\/\/contrastes.com.co\/digital\/wp-content\/uploads\/2022\/04\/J-capitular-60x60.png 60w\" sizes=\"auto, (max-width: 63px) 100vw, 63px\" \/>avier Joeth Boletos Rubio, apodado &#8216;El patr\u00f3n&#8217;, fue capturado por la Polic\u00eda en una diligencia de allanamiento en el<strong> barrio Rebolo, en el suroriente de Barranquilla<\/strong>. \u201c&#8217;El patr\u00f3n&#8217; presenta\u00a0 una anotaci\u00f3n por amenazas del a\u00f1o 2020, de igual manera en las diligencias realizadas fueron incautadas un arma de fuego, 15 cartuchos calibre 38 y 4 cartuchos calibre 9 mil\u00edmetros\u00bb, indic\u00f3 la <strong>Polic\u00eda Metropolitana<\/strong> en un comunicado.<\/p>\n<p>Seg\u00fan la Polic\u00eda, \u00abeste individuo, de 27 a\u00f1os, ser\u00eda el encargado de la log\u00edstica y almacenamiento de armas de fuego, al servicio de un grupo delincuencial com\u00fan organizado\u00bb. La informaci\u00f3n de las autoridades indica que ese grupo ser\u00eda <strong>&#8216;Los Coste\u00f1os&#8217;<\/strong>. El capturado fue conducido a la URI de la Fiscal\u00eda.<\/p>\n","protected":false},"excerpt":{"rendered":"<p>Javier Joeth Boletos Rubio, apodado &#8216;El patr\u00f3n&#8217;, fue capturado por la Polic\u00eda en una diligencia de allanamiento en el barrio Rebolo, en el suroriente de Barranquilla. \u201c&#8217;El patr\u00f3n&#8217; presenta\u00a0 una anotaci\u00f3n por amenazas del a\u00f1o 2020, de igual manera en las diligencias realizadas fueron incautadas un arma de fuego, 15 cartuchos calibre 38 y 4 cartuchos calibre 9 mil\u00edmetros\u00bb, indic\u00f3 la Polic\u00eda Metropolitana en un comunicado.<\/p>\n","protected":false},"author":1,"featured_media":12438,"comment_status":"open","ping_status":"open","sticky":false,"template":"","format":"standard","meta":{"footnotes":""},"categories":[10,6],"tags":[5367,8184,5119],"class_list":["post-12437","post","type-post","status-publish","format-standard","has-post-thumbnail","hentry","category-judicial","category-region","tag-barrio-rebolo","tag-en-el-suroriente-de-barranquilla","tag-los-costenos"],"_links":{"self":[{"href":"https:\/\/contrastes.com.co\/digital\/wp-json\/wp\/v2\/posts\/12437","targetHints":{"allow":["GET"]}}],"collection":[{"href":"https:\/\/contrastes.com.co\/digital\/wp-json\/wp\/v2\/posts"}],"about":[{"href":"https:\/\/contrastes.com.co\/digital\/wp-json\/wp\/v2\/types\/post"}],"author":[{"embeddable":true,"href":"https:\/\/contrastes.com.co\/digital\/wp-json\/wp\/v2\/users\/1"}],"replies":[{"embeddable":true,"href":"https:\/\/contrastes.com.co\/digital\/wp-json\/wp\/v2\/comments?post=12437"}],"version-history":[{"count":1,"href":"https:\/\/contrastes.com.co\/digital\/wp-json\/wp\/v2\/posts\/12437\/revisions"}],"predecessor-version":[{"id":12439,"href":"https:\/\/contrastes.com.co\/digital\/wp-json\/wp\/v2\/posts\/12437\/revisions\/12439"}],"wp:featuredmedia":[{"embeddable":true,"href":"https:\/\/contrastes.com.co\/digital\/wp-json\/wp\/v2\/media\/12438"}],"wp:attachment":[{"href":"https:\/\/contrastes.com.co\/digital\/wp-json\/wp\/v2\/media?parent=12437"}],"wp:term":[{"taxonomy":"category","embeddable":true,"href":"https:\/\/contrastes.com.co\/digital\/wp-json\/wp\/v2\/categories?post=12437"},{"taxonomy":"post_tag","embeddable":true,"href":"https:\/\/contrastes.com.co\/digital\/wp-json\/wp\/v2\/tags?post=12437"}],"curies":[{"name":"wp","href":"https:\/\/api.w.org\/{rel}","templated":true}]}}