{"id":12493,"date":"2022-12-06T12:38:13","date_gmt":"2022-12-06T17:38:13","guid":{"rendered":"https:\/\/contrastes.com.co\/digital\/?p=12493"},"modified":"2022-12-06T12:38:13","modified_gmt":"2022-12-06T17:38:13","slug":"mi-renuncia-se-debio-unica-y-exclusivamente-a-motivos-personales-juan-sanchez-paez","status":"publish","type":"post","link":"https:\/\/contrastes.com.co\/digital\/mi-renuncia-se-debio-unica-y-exclusivamente-a-motivos-personales-juan-sanchez-paez\/","title":{"rendered":"\u00abMi renuncia se debi\u00f3 \u00fanica y exclusivamente a motivos personales\u00bb: Juan S\u00e1nchez P\u00e1ez"},"content":{"rendered":"<p><strong>*\u00bbMi renuncia se debi\u00f3 \u00fanica y exclusivamente a motivos personales\u00bb: Juan S\u00e1nchez P\u00e1ez<\/strong><\/p>\n<blockquote><p><strong>\u00abMi renuncia obedece exclusivamente a temas de \u00edndole personal y nada tiene que ver con versiones y conjeturas alrededor de la misma. Estoy muy agradecido con el se\u00f1or alcalde Rodolfo Ucr\u00f3s, por la confianza depositada durante mi gesti\u00f3n, con la Junta Directiva, por su apoyo incondicional y por todo el respaldo manifestado por el personal administrativo, asistencial y toda la familia que conforma esta entidad, una de las mejores del departamento del Atl\u00e1ntico en la prestaci\u00f3n de los servicios de salud\u00bb: Juan S\u00e1nchez P\u00e1ez, gerente de la E.S.E. Hospital Materno Infantil de Soledad.<\/strong><\/p><\/blockquote>\n<p><img loading=\"lazy\" decoding=\"async\" class=\"alignleft  wp-image-8529\" src=\"https:\/\/contrastes.com.co\/digital\/wp-content\/uploads\/2022\/03\/e-capitular.png\" alt=\"e capitular\" width=\"48\" height=\"48\" srcset=\"https:\/\/contrastes.com.co\/digital\/wp-content\/uploads\/2022\/03\/e-capitular.png 150w, https:\/\/contrastes.com.co\/digital\/wp-content\/uploads\/2022\/03\/e-capitular-60x60.png 60w\" sizes=\"auto, (max-width: 48px) 100vw, 48px\" \/>l<strong> gerente del Hospital Materno Infantil de Soledad<\/strong>, ha <strong>presentado la renuncia de su cargo al frente de la E.S.E. Hospital Materno Infantil de Soledad,<\/strong> por motivos estrictamente personales y desmiente cualquier tipo de versi\u00f3n relacionada a otro aspecto.<\/p>\n<p>Juan S\u00e1nchez P\u00e1ez, gerente actual y quien dejar\u00e1 su cargo el pr\u00f3ximo 20 de diciembre, fecha en la cual se hace efectivo el acto administrativo de su renuncia presentada ante el a<strong>lcalde de Soledad, Rodolfo Ucr\u00f3s Rosales,<\/strong> considera que se siente satisfecho por la gesti\u00f3n adelantada y agradece a todos los que apoyaron su estancia en la entidad.<\/p>\n<p>\u00abMi renuncia obedece exclusivamente a temas de \u00edndole personal y nada tiene que ver con versiones y conjeturas alrededor de la misma. Estoy muy agradecido con el se\u00f1or<strong> alcalde Rodolfo Ucr\u00f3s<\/strong>, por la confianza depositada durante mi gesti\u00f3n, con la Junta Directiva, por su apoyo incondicional y por todo el respaldo manifestado por el personal administrativo, asistencial y toda la familia que conforma esta entidad, una de las mejores del departamento del Atl\u00e1ntico en la prestaci\u00f3n de los servicios de salud\u00bb, se\u00f1al\u00f3, Juan S\u00e1nchez P\u00e1ez.<\/p>\n<p>De la misma manera S\u00e1nchez P\u00e1ez, manifest\u00f3 los significativos avances logrados durante su gesti\u00f3n, diluyendo por completo el oscuro panorama financiero que llevaba a la instituci\u00f3n a una inminente liquidaci\u00f3n, intervenci\u00f3n o la Ley 550. \u00abHicimos un excelente trabajo en equipo con todo el personal de la E.S.E., presentando El Plan de Mejoramiento Institucional (PMI), aprobado por la SuperSalud y que le dar\u00eda un ox\u00edgeno y viabilidad financiera a la entidad, desapareciendo los fantasmas de una intervenci\u00f3n por parte del Gobierno Nacional. Estamos en el desarrollo del PMI, que permitir\u00e1 sin duda, disminuir los pasivos de manera significativa y progresiva, que se encontraban en 17 mil millones de pesos aproximadamente\u00bb, expres\u00f3 Juan S\u00e1nchez P\u00e1ez.<\/p>\n<p>Durante los 31 meses al frente de la instituci\u00f3n, Juan S\u00e1nchez P\u00e1ez, recobr\u00f3 la confianza ante los entes de control, las autoridades de salud del orden nacional, departamental y local, revalidando el posicionamiento institucional, corporativo y administrativo para lograr mantener as\u00ed, la prestaci\u00f3n de los servicios de salud con eficiencia, calidad y seguridad del paciente solede\u00f1o.<\/p>\n<p>Finalmente, vale la pena anotar que su gesti\u00f3n y logros alcanzados fueron avalados por la Junta Directiva de la E.S.E. en las peri\u00f3dicas evaluaciones realizadas, certificando de esta manera calificaciones importantes al frente de la instituci\u00f3n, \u00abHicimos ingentes esfuerzos y superamos dificultades propias de la pandemia y hoy el Hospital seguir\u00e1 m\u00e1s fuerte que nunca trabajando Unidos por la Salud y el Bienestar de todos los solede\u00f1os\u00bb, expres\u00f3 S\u00e1nchez P\u00e1ez.<\/p>\n","protected":false},"excerpt":{"rendered":"<p>El gerente del Hospital Materno Infantil de Soledad, ha presentado la renuncia de su cargo al frente de la E.S.E. Hospital Materno Infantil de Soledad, por motivos estrictamente personales y desmiente cualquier tipo de versi\u00f3n relacionada a otro aspecto.<\/p>\n","protected":false},"author":1,"featured_media":12494,"comment_status":"open","ping_status":"open","sticky":false,"template":"","format":"standard","meta":{"footnotes":""},"categories":[2,268],"tags":[131,3769,2014,38,40],"class_list":["post-12493","post","type-post","status-publish","format-standard","has-post-thumbnail","hentry","category-locales","category-salud","tag-alcalde-de-soledad","tag-gerente-de-la-e-s-e-hospital-materno-infantil-de-soledad","tag-juan-sanchez-paez","tag-municipio-de-soledad","tag-rodolfo-ucros"],"_links":{"self":[{"href":"https:\/\/contrastes.com.co\/digital\/wp-json\/wp\/v2\/posts\/12493","targetHints":{"allow":["GET"]}}],"collection":[{"href":"https:\/\/contrastes.com.co\/digital\/wp-json\/wp\/v2\/posts"}],"about":[{"href":"https:\/\/contrastes.com.co\/digital\/wp-json\/wp\/v2\/types\/post"}],"author":[{"embeddable":true,"href":"https:\/\/contrastes.com.co\/digital\/wp-json\/wp\/v2\/users\/1"}],"replies":[{"embeddable":true,"href":"https:\/\/contrastes.com.co\/digital\/wp-json\/wp\/v2\/comments?post=12493"}],"version-history":[{"count":1,"href":"https:\/\/contrastes.com.co\/digital\/wp-json\/wp\/v2\/posts\/12493\/revisions"}],"predecessor-version":[{"id":12495,"href":"https:\/\/contrastes.com.co\/digital\/wp-json\/wp\/v2\/posts\/12493\/revisions\/12495"}],"wp:featuredmedia":[{"embeddable":true,"href":"https:\/\/contrastes.com.co\/digital\/wp-json\/wp\/v2\/media\/12494"}],"wp:attachment":[{"href":"https:\/\/contrastes.com.co\/digital\/wp-json\/wp\/v2\/media?parent=12493"}],"wp:term":[{"taxonomy":"category","embeddable":true,"href":"https:\/\/contrastes.com.co\/digital\/wp-json\/wp\/v2\/categories?post=12493"},{"taxonomy":"post_tag","embeddable":true,"href":"https:\/\/contrastes.com.co\/digital\/wp-json\/wp\/v2\/tags?post=12493"}],"curies":[{"name":"wp","href":"https:\/\/api.w.org\/{rel}","templated":true}]}}