{"id":12499,"date":"2022-12-01T14:13:50","date_gmt":"2022-12-01T19:13:50","guid":{"rendered":"https:\/\/contrastes.com.co\/digital\/?p=12499"},"modified":"2022-12-06T14:19:36","modified_gmt":"2022-12-06T19:19:36","slug":"materno-infantil-realiza-eventos-conmemorativos-en-el-dia-mundial-de-la-lucha-contra-el-sida","status":"publish","type":"post","link":"https:\/\/contrastes.com.co\/digital\/materno-infantil-realiza-eventos-conmemorativos-en-el-dia-mundial-de-la-lucha-contra-el-sida\/","title":{"rendered":"Materno Infantil realiza eventos conmemorativos en el D\u00eda Mundial de la lucha contra el Sida"},"content":{"rendered":"<p><strong>Materno Infantil realiza eventos conmemorativos en el D\u00eda Mundial de la lucha contra el Sida<\/strong><\/p>\n<blockquote><p><strong>\u00abEnciende una vela por ellos y ellas\u00bb, es el nombre de la velat\u00f3n que se cumplir\u00e1 en diferentes sectores del municipio de Soledad y la cual busca elevar plegarias por todas las almas y crear conciencia acerca de lo importante que es atender todas las campa\u00f1as de prevenci\u00f3n y los cuidados mismos que se deben tener ante cualquier tipo de situaci\u00f3n que se considere de alta vulnerabilidad para las personas.<\/strong><\/p><\/blockquote>\n<p><img loading=\"lazy\" decoding=\"async\" class=\"alignleft wp-image-8524\" src=\"https:\/\/contrastes.com.co\/digital\/wp-content\/uploads\/2022\/03\/l-capitular.png\" alt=\"l capitular\" width=\"80\" height=\"80\" srcset=\"https:\/\/contrastes.com.co\/digital\/wp-content\/uploads\/2022\/03\/l-capitular.png 150w, https:\/\/contrastes.com.co\/digital\/wp-content\/uploads\/2022\/03\/l-capitular-60x60.png 60w\" sizes=\"auto, (max-width: 80px) 100vw, 80px\" \/>a <strong>E.S.E. Hospital Materno Infantil de Soledad<\/strong> a trav\u00e9s del<strong> Plan de Intervenciones Colectivas PIC,<\/strong> realizar\u00e1 en la tarde de hoy diversas actividades conmemorativas en el marco del <strong>d\u00eda Mundial de la Lucha contra el VIH\/SIDA.<\/strong> Se realizar\u00e1n actos simb\u00f3licos, para rendir un homenaje p\u00f3stumo a todas las v\u00edctimas mortales que ha dejado este letal virus, la programacion comienza desde las dos de la tarde con la <strong>instalaci\u00f3n de Stands en los centros comerciales Carnaval. Nuestro Atl\u00e1ntico, Plaza del Sol y Metropolitano, con la entrega de material educativo, condones y oferta institucional de pruebas r\u00e1pidas para VIH.<\/strong><\/p>\n<p>A las 4 y treinta de la tarde el <strong>Centro Comercial Carnaval<\/strong> ser\u00e1 el epicentro del evento principal, con la participaci\u00f3n de las diferentes autoridades del orden municipal y departamental, donde se rendir\u00e1 un homenaje p\u00f3stumo a todas las v\u00edctimas mortales que ha dejado este virus en Soledad, el Atl\u00e1ntico y el territorio Nacional, encendiendo las velas e iluminar de manera simb\u00f3lica todas las almas.<\/p>\n<p>\u00abEnciende una vela por ellos y ellas\u00bb, es el nombre de la velat\u00f3n que se cumplir\u00e1 en diferentes sectores del municipio de Soledad y la cual busca elevar plegarias por todas las almas y crear conciencia acerca de lo importante que es atender todas las campa\u00f1as de prevenci\u00f3n y los cuidados mismos que se deben tener ante cualquier tipo de situaci\u00f3n que se considere de alta vulnerabilidad para las personas.<\/p>\n<p>\u00abEstaremos entregando preservativos en los diferentes sitios de mayor afluencia de personas del municipio, como centros comerciales, aeropuerto y terminal de transporte, adem\u00e1s de brindar informaci\u00f3n pedag\u00f3gica. Tambi\u00e9n estaremos realizando la prueba r\u00e1pida y gratis del VIH\u00bb, expres\u00f3 Juan S\u00e1nchez P\u00e1ez, gerente del Hospital Materno infantil de Soledad.<\/p>\n","protected":false},"excerpt":{"rendered":"<p>La E.S.E. Hospital Materno Infantil de Soledad a trav\u00e9s del Plan de Intervenciones Colectivas PIC, realizar\u00e1 en la tarde de hoy diversas actividades conmemorativas en el marco del d\u00eda Mundial de la Lucha contra el VIH\/SIDA. Se realizar\u00e1n actos simb\u00f3licos, para rendir un homenaje p\u00f3stumo a todas las v\u00edctimas mortales que ha dejado este letal virus, la programacion comienza desde las dos de la tarde con la instalaci\u00f3n de Stands en los centros comerciales Carnaval. Nuestro Atl\u00e1ntico, Plaza del Sol y Metropolitano, con la entrega de material educativo, condones y oferta institucional de pruebas r\u00e1pidas para VIH.<\/p>\n","protected":false},"author":1,"featured_media":12500,"comment_status":"open","ping_status":"open","sticky":false,"template":"","format":"standard","meta":{"footnotes":""},"categories":[2,11,4,268,1],"tags":[1669,4784,7907,431,4785,8072],"class_list":["post-12499","post","type-post","status-publish","format-standard","has-post-thumbnail","hentry","category-locales","category-mundo","category-pais","category-salud","category-uncategorized","tag-centro-comercial-carnaval","tag-dia-mundial-de-la-lucha-contra-el-sida","tag-e-s-e-hospital-materno-infantil-de-soledad","tag-hospital-materno-infantil-de-soledad","tag-plan-de-intervenciones-colectivas-pic","tag-prueba-rapida-y-gratis-del-vih"],"_links":{"self":[{"href":"https:\/\/contrastes.com.co\/digital\/wp-json\/wp\/v2\/posts\/12499","targetHints":{"allow":["GET"]}}],"collection":[{"href":"https:\/\/contrastes.com.co\/digital\/wp-json\/wp\/v2\/posts"}],"about":[{"href":"https:\/\/contrastes.com.co\/digital\/wp-json\/wp\/v2\/types\/post"}],"author":[{"embeddable":true,"href":"https:\/\/contrastes.com.co\/digital\/wp-json\/wp\/v2\/users\/1"}],"replies":[{"embeddable":true,"href":"https:\/\/contrastes.com.co\/digital\/wp-json\/wp\/v2\/comments?post=12499"}],"version-history":[{"count":1,"href":"https:\/\/contrastes.com.co\/digital\/wp-json\/wp\/v2\/posts\/12499\/revisions"}],"predecessor-version":[{"id":12511,"href":"https:\/\/contrastes.com.co\/digital\/wp-json\/wp\/v2\/posts\/12499\/revisions\/12511"}],"wp:featuredmedia":[{"embeddable":true,"href":"https:\/\/contrastes.com.co\/digital\/wp-json\/wp\/v2\/media\/12500"}],"wp:attachment":[{"href":"https:\/\/contrastes.com.co\/digital\/wp-json\/wp\/v2\/media?parent=12499"}],"wp:term":[{"taxonomy":"category","embeddable":true,"href":"https:\/\/contrastes.com.co\/digital\/wp-json\/wp\/v2\/categories?post=12499"},{"taxonomy":"post_tag","embeddable":true,"href":"https:\/\/contrastes.com.co\/digital\/wp-json\/wp\/v2\/tags?post=12499"}],"curies":[{"name":"wp","href":"https:\/\/api.w.org\/{rel}","templated":true}]}}