{"id":12644,"date":"2023-01-11T12:41:37","date_gmt":"2023-01-11T17:41:37","guid":{"rendered":"https:\/\/contrastes.com.co\/digital\/?p=12644"},"modified":"2023-01-11T12:41:37","modified_gmt":"2023-01-11T17:41:37","slug":"que-riesgos-tiene-colombia-este-2023-en-economia-politica-seguridad-y-cambio-climatico","status":"publish","type":"post","link":"https:\/\/contrastes.com.co\/digital\/que-riesgos-tiene-colombia-este-2023-en-economia-politica-seguridad-y-cambio-climatico\/","title":{"rendered":"Qu\u00e9 riesgos tiene Colombia este 2023 en econom\u00eda, pol\u00edtica, seguridad y cambio clim\u00e1tico"},"content":{"rendered":"<p><strong>*Qu\u00e9 riesgos tiene Colombia este 2023 en econom\u00eda, pol\u00edtica, seguridad y cambio clim\u00e1tico<\/strong><\/p>\n<blockquote><p><strong>Las elecciones territoriales en octubre pr\u00f3ximo es uno de los retos principales para el Estado, sumado al control de la inflaci\u00f3n<\/strong><\/p><\/blockquote>\n<p><strong><a href=\"https:\/\/www.infobae.com\/america\/colombia\/2023\/01\/11\/que-riesgos-tiene-colombia-este-2023-en-economia-politica-seguridad-y-cambio-climatico\/\">Infobae.com<\/a><\/strong><\/p>\n<p><img loading=\"lazy\" decoding=\"async\" class=\"alignleft  wp-image-8524\" src=\"https:\/\/contrastes.com.co\/digital\/wp-content\/uploads\/2022\/03\/l-capitular.png\" alt=\"l capitular\" width=\"63\" height=\"63\" srcset=\"https:\/\/contrastes.com.co\/digital\/wp-content\/uploads\/2022\/03\/l-capitular.png 150w, https:\/\/contrastes.com.co\/digital\/wp-content\/uploads\/2022\/03\/l-capitular-60x60.png 60w\" sizes=\"auto, (max-width: 63px) 100vw, 63px\" \/>a consultora de riesgos pol\u00edticos, Colombia Risk Analysis, present\u00f3 su informe de riesgos para el pa\u00eds en 2023 donde deja 6 puntos claves que se deben atender en el pa\u00eds en campos como la econom\u00eda, pol\u00edtica, electoral, seguridad, entre otros. No resultan ajenas situaciones que se han recalcado en repetidas ocasiones: inflaci\u00f3n, fluctuaci\u00f3n y volatilidad de las divisas, conflicto entre Rusia y Ucrania, incluso las consecuencias que se derivan de la pandemia por el coronavirus.<\/p>\n<p>Adem\u00e1s, Colombia tiene unos retos ajenos y propios que tendr\u00e1 que sortear y dependiendo del tratamiento, se consolidar\u00edan pol\u00edticas que generar\u00edan m\u00e1s confianza en el gobierno, y a su vez mitigar\u00eda afectaciones de a\u00f1os pasados.<\/p>\n<p>Tal vez lo m\u00e1s significativo est\u00e9 en el campo econ\u00f3mico; al igual que el a\u00f1o pasado, el tema monetario marc\u00f3 la agenda nacional, desde un pronunciamiento de alg\u00fan funcionario gubernamental, hasta la variaci\u00f3n en las tasas de referencia hicieron cambios significativos en las finanzas del pa\u00eds. Para Colombia Risk el panorama en 2023 ser\u00e1 negativo, principalmente por el temor de una posible recesi\u00f3n.<\/p>\n<p>El momento m\u00e1s complejo se vivir\u00eda entre el segundo y tercer trimestre del a\u00f1o, marcando la desaceleraci\u00f3n econ\u00f3mica, en un panorama m\u00e1s catastr\u00f3fico una recesi\u00f3n. Otro de los puntos que se deben atender es la devaluaci\u00f3n del peso frente al d\u00f3lar, aumentar la productividad y generaci\u00f3n de empleo.<\/p>\n<p>Otro de los puntos que tendr\u00eda que enfrentar el gobierno son las elecciones territoriales, que se desarrollar\u00e1n a finales de octubre, la incertidumbre del panorama electoral actual, las coaliciones y acuerdos de los partidos para conseguir los cargos, y todo lo relacionado con las votaciones locales ser\u00edan clave, ya que fortalecer\u00eda o debilitar\u00eda la administraci\u00f3n nacional, su relaci\u00f3n con la comunidad, y l\u00f3gicamente la atenci\u00f3n al desarrollo de los programas de gobierno:<\/p>\n<p>\u201cNuestro pron\u00f3stico es que defender al Gobierno y su tesis de cambio ser\u00e1 m\u00e1s dif\u00edcil a medida que la econom\u00eda empeore\u201d, detalla el informe.<\/p>\n<h3>Pol\u00edtica y econom\u00eda: las variables del malestar social<\/h3>\n<p>La consultora asegura que se mantiene cierto recelo o malestar social, que aunque no est\u00e1 tan exacerbado como en a\u00f1os anteriores, y es muy poco probable que se presente un estallido; de no controlar los temas como la inflaci\u00f3n, o atender problemas como la inseguridad, pueden motivar un mayor descontento con el gobierno.<\/p>\n<p>El punto de la inseguridad lo manejan como tema aparte, aqu\u00ed se re\u00fanen, entre otros, las negociaciones con el ELN y la llamada Paz Total. No se deja de lado la relaci\u00f3n que mantiene el presidente Gustavo Petro con las fuerzas armadas, l\u00f3gicamente esto mantiene en vilo las condiciones de los militares una vez se firmen los acuerdos, o se levanten las mesas. Estas son las consideraciones de la consultora:<\/p>\n<p>\u201cEs poco probable que la pol\u00edtica de \u2018Paz Total\u2019 conduzca a negociaciones exitosas con el ELN, los grupos armados organizados y las disidencias de las Farc\u201d.<\/p>\n<p>La relaci\u00f3n del gobierno y el Congreso ser\u00eda otro tema a evaluar, la firma analista considera que el Estado deber\u00e1 mantener la coalici\u00f3n y mayor\u00edas si quiere seguir aprobando las pol\u00edticas claves para el desarrollo del plan presidencial, refiri\u00e9ndose as\u00ed a las reformas. Este a\u00f1o se podr\u00edan presentar las normativas en materia de salud, trabajo, pensiones y pol\u00edtica.<\/p>\n<p>Por \u00faltimo, el cambio clim\u00e1tico ser\u00e1 un tema clave, pues se espera que se supere pronto la temporada invernal, pero, se vendr\u00eda el fen\u00f3meno del ni\u00f1o, quiere decir temperaturas extremas y sequ\u00edas. No obstante, se tendr\u00e1 que atender lo afectado por las lluvias, entre otros temas como la deforestaci\u00f3n.<\/p>\n<p>Contin\u00fae leyendo en <strong><a href=\"https:\/\/www.infobae.com\/america\/colombia\/2023\/01\/11\/que-riesgos-tiene-colombia-este-2023-en-economia-politica-seguridad-y-cambio-climatico\/\">infobae.com<\/a><\/strong><\/p>\n","protected":false},"excerpt":{"rendered":"<p>La consultora de riesgos pol\u00edticos, Colombia Risk Analysis, present\u00f3 su informe de riesgos para el pa\u00eds en 2023 donde deja 6 puntos claves que se deben atender en el pa\u00eds en campos como la econom\u00eda, pol\u00edtica, electoral, seguridad, entre otros. No resultan ajenas situaciones que se han recalcado en repetidas ocasiones: inflaci\u00f3n, fluctuaci\u00f3n y volatilidad de las divisas, conflicto entre Rusia y Ucrania, incluso las consecuencias que se derivan de la pandemia por el coronavirus.<\/p>\n","protected":false},"author":1,"featured_media":12645,"comment_status":"open","ping_status":"open","sticky":false,"template":"","format":"standard","meta":{"footnotes":""},"categories":[85,4,5,998],"tags":[254,2012,8329,237,3978,2479],"class_list":["post-12644","post","type-post","status-publish","format-standard","has-post-thumbnail","hentry","category-analisis","category-pais","category-politica","category-seguridad-ciudadana","tag-colombia","tag-economia","tag-electoral","tag-politica","tag-riesgos","tag-seguridad"],"_links":{"self":[{"href":"https:\/\/contrastes.com.co\/digital\/wp-json\/wp\/v2\/posts\/12644","targetHints":{"allow":["GET"]}}],"collection":[{"href":"https:\/\/contrastes.com.co\/digital\/wp-json\/wp\/v2\/posts"}],"about":[{"href":"https:\/\/contrastes.com.co\/digital\/wp-json\/wp\/v2\/types\/post"}],"author":[{"embeddable":true,"href":"https:\/\/contrastes.com.co\/digital\/wp-json\/wp\/v2\/users\/1"}],"replies":[{"embeddable":true,"href":"https:\/\/contrastes.com.co\/digital\/wp-json\/wp\/v2\/comments?post=12644"}],"version-history":[{"count":1,"href":"https:\/\/contrastes.com.co\/digital\/wp-json\/wp\/v2\/posts\/12644\/revisions"}],"predecessor-version":[{"id":12646,"href":"https:\/\/contrastes.com.co\/digital\/wp-json\/wp\/v2\/posts\/12644\/revisions\/12646"}],"wp:featuredmedia":[{"embeddable":true,"href":"https:\/\/contrastes.com.co\/digital\/wp-json\/wp\/v2\/media\/12645"}],"wp:attachment":[{"href":"https:\/\/contrastes.com.co\/digital\/wp-json\/wp\/v2\/media?parent=12644"}],"wp:term":[{"taxonomy":"category","embeddable":true,"href":"https:\/\/contrastes.com.co\/digital\/wp-json\/wp\/v2\/categories?post=12644"},{"taxonomy":"post_tag","embeddable":true,"href":"https:\/\/contrastes.com.co\/digital\/wp-json\/wp\/v2\/tags?post=12644"}],"curies":[{"name":"wp","href":"https:\/\/api.w.org\/{rel}","templated":true}]}}