{"id":12717,"date":"2023-01-12T15:50:55","date_gmt":"2023-01-12T20:50:55","guid":{"rendered":"https:\/\/contrastes.com.co\/digital\/?p=12717"},"modified":"2023-01-12T15:50:55","modified_gmt":"2023-01-12T20:50:55","slug":"petro-niega-que-mujer-que-va-como-diplomatica-a-espana-sea-novia-de-su-papa","status":"publish","type":"post","link":"https:\/\/contrastes.com.co\/digital\/petro-niega-que-mujer-que-va-como-diplomatica-a-espana-sea-novia-de-su-papa\/","title":{"rendered":"Petro niega que mujer que va como diplom\u00e1tica a Espa\u00f1a sea novia de su pap\u00e1"},"content":{"rendered":"<p><strong>*Petro niega que mujer que va como diplom\u00e1tica a Espa\u00f1a sea novia de su pap\u00e1<\/strong><\/p>\n<blockquote><p><strong>El presidente no descart\u00f3 que la mujer nombrada llegue a un cargo diplom\u00e1tico<\/strong><\/p><\/blockquote>\n<p><img loading=\"lazy\" decoding=\"async\" class=\"alignleft  wp-image-8529\" src=\"https:\/\/contrastes.com.co\/digital\/wp-content\/uploads\/2022\/03\/e-capitular.png\" alt=\"e capitular\" width=\"62\" height=\"62\" srcset=\"https:\/\/contrastes.com.co\/digital\/wp-content\/uploads\/2022\/03\/e-capitular.png 150w, https:\/\/contrastes.com.co\/digital\/wp-content\/uploads\/2022\/03\/e-capitular-60x60.png 60w\" sizes=\"auto, (max-width: 62px) 100vw, 62px\" \/>n las \u00faltimas horas, la Revista Cambio public\u00f3 una nota en la que aseguraba que la novia del pap\u00e1 del presidente Gustavo Petro, Gloria Esperanza Acevedo, ser\u00eda nombrada en un cargo diplom\u00e1tico en Espa\u00f1a. La publicaci\u00f3n suscit\u00f3 cientos de cr\u00edticas entre ellas, la de la senadora del Centro Democr\u00e1tico, Mar\u00eda Fernanda Cabal que cuestion\u00f3 el nombramiento de Acevedo.<\/p>\n<p>\u201c\u00a1Esto es el colmo! Prometieron respetar la carrera diplom\u00e1tica y lo que han hecho es entregar los cargos a los amigos, a investigados por la Corte Suprema y a la novia del pap\u00e1 de Petro \u201c\u00bfEl cambio?\u201d, dijo la senadora.<\/p>\n<p><a href=\"https:\/\/twitter.com\/MariaFdaCabal\/status\/1613514413088071681?ref_src=twsrc%5Etfw%7Ctwcamp%5Etweetembed%7Ctwterm%5E1613514413088071681%7Ctwgr%5Ec19630a9d7d308b7589a7b0d5b0312b60db6ff5b%7Ctwcon%5Es1_&#038;ref_url=https%3A%2F%2Fwww.wradio.com.co%2F\">https:\/\/twitter.com\/MariaFdaCabal\/status\/1613514413088071681?ref_src=twsrc%5Etfw%7Ctwcamp%5Etweetembed%7Ctwterm%5E1613514413088071681%7Ctwgr%5Ec19630a9d7d308b7589a7b0d5b0312b60db6ff5b%7Ctwcon%5Es1_&amp;ref_url=https%3A%2F%2Fwww.wradio.com.co%2F<\/a><\/p>\n<p>Inmediatamente, a este trino el presidente Petro reaccion\u00f3 negando parte de la informaci\u00f3n publicada por la revista.<\/p>\n<p>\u201c\u00bfQu\u00e9 puede explicar que la senadora opositora cite a la revista que no quiere? Pues cuando se encuentran en el chisme destructivo. Mi pap\u00e1 tiene 87 a\u00f1os y su esposa, con la que convivi\u00f3 hasta el \u00faltimo d\u00eda, muri\u00f3 hace dos meses. Mi pap\u00e1 no tiene novia\u201d, trin\u00f3 el mandatario.<\/p>\n<p><a href=\"https:\/\/twitter.com\/petrogustavo\/status\/1613518065223827456\">https:\/\/twitter.com\/petrogustavo\/status\/1613518065223827456<\/a><\/p>\n<p>Sin embargo, el presidente no niega que Acevedo llegue al cargo diplom\u00e1tico en el pa\u00eds ib\u00e9rico, porque adem\u00e1s seg\u00fan la hoja de vida, la mujer es cercana a Petro, ya que trabaj\u00f3 como jefe de oficina de control en la Unidad Administrativa Especial de Rehabilitaci\u00f3n y Mantenimiento Vial, cuando Petro era alcalde de Bogot\u00e1.<\/p>\n","protected":false},"excerpt":{"rendered":"<p>En las \u00faltimas horas, la Revista Cambio public\u00f3 una nota en la que aseguraba que la novia del pap\u00e1 del presidente Gustavo Petro, Gloria Esperanza Acevedo, ser\u00eda nombrada en un cargo diplom\u00e1tico en Espa\u00f1a. La publicaci\u00f3n suscit\u00f3 cientos de cr\u00edticas entre ellas, la de la senadora del Centro Democr\u00e1tico, Mar\u00eda Fernanda Cabal que cuestion\u00f3 el nombramiento de Acevedo.<\/p>\n","protected":false},"author":1,"featured_media":12720,"comment_status":"open","ping_status":"open","sticky":false,"template":"","format":"standard","meta":{"footnotes":""},"categories":[4,5,1328],"tags":[8387,4867,8388,4078,2529],"class_list":["post-12717","post","type-post","status-publish","format-standard","has-post-thumbnail","hentry","category-pais","category-politica","category-redes-sociales","tag-diplomatica","tag-gustavo-petro","tag-nombramiento","tag-presidente-de-la-republica","tag-twitter"],"_links":{"self":[{"href":"https:\/\/contrastes.com.co\/digital\/wp-json\/wp\/v2\/posts\/12717","targetHints":{"allow":["GET"]}}],"collection":[{"href":"https:\/\/contrastes.com.co\/digital\/wp-json\/wp\/v2\/posts"}],"about":[{"href":"https:\/\/contrastes.com.co\/digital\/wp-json\/wp\/v2\/types\/post"}],"author":[{"embeddable":true,"href":"https:\/\/contrastes.com.co\/digital\/wp-json\/wp\/v2\/users\/1"}],"replies":[{"embeddable":true,"href":"https:\/\/contrastes.com.co\/digital\/wp-json\/wp\/v2\/comments?post=12717"}],"version-history":[{"count":1,"href":"https:\/\/contrastes.com.co\/digital\/wp-json\/wp\/v2\/posts\/12717\/revisions"}],"predecessor-version":[{"id":12721,"href":"https:\/\/contrastes.com.co\/digital\/wp-json\/wp\/v2\/posts\/12717\/revisions\/12721"}],"wp:featuredmedia":[{"embeddable":true,"href":"https:\/\/contrastes.com.co\/digital\/wp-json\/wp\/v2\/media\/12720"}],"wp:attachment":[{"href":"https:\/\/contrastes.com.co\/digital\/wp-json\/wp\/v2\/media?parent=12717"}],"wp:term":[{"taxonomy":"category","embeddable":true,"href":"https:\/\/contrastes.com.co\/digital\/wp-json\/wp\/v2\/categories?post=12717"},{"taxonomy":"post_tag","embeddable":true,"href":"https:\/\/contrastes.com.co\/digital\/wp-json\/wp\/v2\/tags?post=12717"}],"curies":[{"name":"wp","href":"https:\/\/api.w.org\/{rel}","templated":true}]}}