{"id":12748,"date":"2023-01-13T14:25:49","date_gmt":"2023-01-13T19:25:49","guid":{"rendered":"https:\/\/contrastes.com.co\/digital\/?p=12748"},"modified":"2023-01-13T14:25:49","modified_gmt":"2023-01-13T19:25:49","slug":"fuerte-ultimatum-de-gustavo-petro-al-eln-eligen-el-camino-de-camilo-torres-o-el-de-pablo-escobar","status":"publish","type":"post","link":"https:\/\/contrastes.com.co\/digital\/fuerte-ultimatum-de-gustavo-petro-al-eln-eligen-el-camino-de-camilo-torres-o-el-de-pablo-escobar\/","title":{"rendered":"Fuerte ultim\u00e1tum de Gustavo Petro al ELN: eligen \u201cel camino de Camilo Torres o el de Pablo Escobar\u201d"},"content":{"rendered":"<p><strong>*Fuerte ultim\u00e1tum de Gustavo Petro al ELN: eligen \u201cel camino de Camilo Torres o el de Pablo Escobar\u201d<\/strong><\/p>\n<blockquote><p><strong>La delegaci\u00f3n de esa guerrilla en los di\u00e1logos de paz hab\u00eda anunciado que la mesa estaba en crisis por cuenta de algunas decisiones tomadas de forma unilateral por el presidente de la Rep\u00fablica<\/strong><\/p><\/blockquote>\n<p><em><strong><a href=\"https:\/\/www.infobae.com\/america\/colombia\/2023\/01\/13\/fuerte-ultimatum-de-gustavo-petro-al-eln-o-eligen-el-camino-de-camilo-torres-o-el-de-pablo-escobar\/\">infobae.com<\/a><\/strong><\/em><\/p>\n<p><img loading=\"lazy\" decoding=\"async\" class=\"alignleft  wp-image-11219\" src=\"https:\/\/contrastes.com.co\/digital\/wp-content\/uploads\/2022\/09\/s.png\" alt=\"\" width=\"77\" height=\"77\" srcset=\"https:\/\/contrastes.com.co\/digital\/wp-content\/uploads\/2022\/09\/s.png 100w, https:\/\/contrastes.com.co\/digital\/wp-content\/uploads\/2022\/09\/s-60x60.png 60w\" sizes=\"auto, (max-width: 77px) 100vw, 77px\" \/>eg\u00fan la delegaci\u00f3n del Ej\u00e9rcito de Liberaci\u00f3n Nacional \u2014ELN\u2014, la mesa de negociaciones de paz instalada junto con el Gobierno nacional est\u00e1 en crisis debido a decisiones tomadas unilateralmente por el presidente Gustavo Petro. Dicho mensaje fue dado a conocer el 9 de enero con relaci\u00f3n al cese al fuego decretado por el mandatario sin haber consultado a los integrantes del equipo negociador de esa guerrilla.<\/p>\n<p>Justamente, fue el mismo Petro quien, bajo ese contexto, le dio un ultim\u00e1tum al ELN el jueves 12 de enero. A trav\u00e9s de su cuenta de Twitter, advirti\u00f3 que esa guerrilla tiene dos v\u00edas: \u201cO el camino del padre Camilo Torres Restrepo o el camino de Pablo Escobar\u201d.<\/p>\n<p>El pronunciamiento del jefe de Estado lo realiz\u00f3 citando un video en el cual el presidente del Senado, Roy Barreras, se refiri\u00f3 a la oportunidad que tiene el ELN de crear un acuerdo de paz en el primer gobierno de izquierda progresista en la historia de Colombia.<\/p>\n<p>En aquel di\u00e1logo sostenido con CM&amp;, record\u00f3 que esa guerrilla \u201cempez\u00f3 su insurgencia hace 60 a\u00f1os atr\u00e1s (sic), lo hizo con unas ideas que supon\u00edan unas exigencias sociales. Es la primera vez en esos 60 a\u00f1os que se encuentran en un gobierno progresista de izquierda democr\u00e1tica\u201d y advirti\u00f3 que esa pertinencia no la pueden desperdiciar.<\/p>\n<blockquote><p>\u201cO pasan a la historia como constructores de esa Paz Total aceptando la mano generosa del gobierno del presidente Petro, o pasan a la historia como una guerrilla que se degener\u00f3 en narcotr\u00e1fico y que termin\u00f3 solo aportando dolor\u201d, exhort\u00f3 el presidente del Senado.<\/p><\/blockquote>\n<blockquote class=\"twitter-tweet\" data-width=\"550\" data-dnt=\"true\">\n<p lang=\"es\" dir=\"ltr\">O el camino del padre Camilo Torres Restrepo o el camino de Pablo Escobar. <a href=\"https:\/\/t.co\/BF6LPYxD98\">https:\/\/t.co\/BF6LPYxD98<\/a><\/p>\n<p>&mdash; Gustavo Petro (@petrogustavo) <a href=\"https:\/\/twitter.com\/petrogustavo\/status\/1613637394086993925?ref_src=twsrc%5Etfw\">January 12, 2023<\/a><\/p><\/blockquote>\n<p><script async src=\"https:\/\/platform.twitter.com\/widgets.js\" charset=\"utf-8\"><\/script><\/p>\n<p>En esa medida, el integrante del Pacto Hist\u00f3rico sentenci\u00f3 que esa guerrilla tiene tambi\u00e9n una oportunidad \u201cde construir historia\u201d en la pr\u00f3xima ronda de conversaciones que se llevar\u00e1 a cabo en M\u00e9xico desde enero y por ello, espera que esa delegaci\u00f3n tenga la voluntad de firmar un cese al fuego, como ocurri\u00f3 al final del segundo mandato de Juan Manuel Santos.<\/p>\n<p>Ahora, con respecto a un posible af\u00e1n del Gobierno nacional al anunciar el cese al fuego sin haber consultado a la delegaci\u00f3n de la guerrilla, Barreras expuso que el pa\u00eds est\u00e1 \u00e1vido de que haya un par\u00f3n de violencia. \u201cHoy mismo (&#8230;) tenemos noticias de nuevos muertos en Arauca, de nuevas confrontaciones y violencias\u201d, a\u00f1adi\u00f3 el legislador.<\/p>\n<p>Vale indicar que en el pronunciamiento del equipo negociador del ELN el 9 de enero, se\u00f1al\u00f3 que \u201ccomo el gobierno no cumple con los procesos de discusi\u00f3n de la Mesa y toma medidas unilaterales y las hace p\u00fablicas, estos procedimientos ponen en crisis el desarrollo de la Mesa\u201d.<\/p>\n<p>La delegaci\u00f3n tambi\u00e9n asegur\u00f3 que durante el primer ciclo de conversaciones que termin\u00f3 el 12 de diciembre de 2022 Caracas \u2014Venezuela\u2014, ambas partes acordaron conformar un equipo de comunicaciones conjuntas para informar de manera objetiva sobre el desarrollo de la Mesa. Adem\u00e1s, se abord\u00f3 la agenda de di\u00e1logos, la institucionalizaci\u00f3n de la Mesa, acciones y din\u00e1micas humanitarias y pedagog\u00eda, as\u00ed como continuar el segundo ciclo en el pa\u00eds centroamericano.<\/p>\n<p>Por su parte, el Gobierno derog\u00f3 el decreto 2657 del 31 de diciembre 2022 con el cual se determin\u00f3 el cese bilateral de hostilidades con esa guerrilla. Tambi\u00e9n mantuvo en vigencia la reglamentaci\u00f3n que estipula la pausa de acciones armadas entre la fuerza p\u00fablica entre el Estado Mayor Central de las Farc, Los Pachenca, las Autodefensas Gaitanistas de Colombia \u2014Clan del Golfo\u2014 y la Segunda Marquetalia.<\/p>\n<p>&nbsp;<\/p>\n<p>M\u00e1s en <em><strong><a href=\"https:\/\/www.infobae.com\/america\/colombia\/2023\/01\/13\/fuerte-ultimatum-de-gustavo-petro-al-eln-o-eligen-el-camino-de-camilo-torres-o-el-de-pablo-escobar\/\">Infobae.com<\/a><\/strong><\/em><\/p>\n","protected":false},"excerpt":{"rendered":"<p>Seg\u00fan la delegaci\u00f3n del Ej\u00e9rcito de Liberaci\u00f3n Nacional \u2014ELN\u2014, la mesa de negociaciones de paz instalada junto con el Gobierno nacional est\u00e1 en crisis debido a decisiones tomadas unilateralmente por el presidente Gustavo Petro. Dicho mensaje fue dado a conocer el 9 de enero con relaci\u00f3n al cese al fuego decretado por el mandatario sin haber consultado a los integrantes del equipo negociador de esa guerrilla.<\/p>\n","protected":false},"author":1,"featured_media":12750,"comment_status":"open","ping_status":"open","sticky":false,"template":"","format":"standard","meta":{"footnotes":""},"categories":[6987,10,11,4,5,4839],"tags":[8421,8419,557,8420,8422,6599,515],"class_list":["post-12748","post","type-post","status-publish","format-standard","has-post-thumbnail","hentry","category-bandas-criminales","category-judicial","category-mundo","category-pais","category-politica","category-presidenciales","tag-camilo-torres","tag-delegacion-del-ejercito-de-liberacion-nacional-eln","tag-gobierno-nacional","tag-mesa-de-negociaciones-de-paz","tag-pablo-escobar","tag-presidente-gustavo-petro","tag-ultimatum"],"_links":{"self":[{"href":"https:\/\/contrastes.com.co\/digital\/wp-json\/wp\/v2\/posts\/12748","targetHints":{"allow":["GET"]}}],"collection":[{"href":"https:\/\/contrastes.com.co\/digital\/wp-json\/wp\/v2\/posts"}],"about":[{"href":"https:\/\/contrastes.com.co\/digital\/wp-json\/wp\/v2\/types\/post"}],"author":[{"embeddable":true,"href":"https:\/\/contrastes.com.co\/digital\/wp-json\/wp\/v2\/users\/1"}],"replies":[{"embeddable":true,"href":"https:\/\/contrastes.com.co\/digital\/wp-json\/wp\/v2\/comments?post=12748"}],"version-history":[{"count":1,"href":"https:\/\/contrastes.com.co\/digital\/wp-json\/wp\/v2\/posts\/12748\/revisions"}],"predecessor-version":[{"id":12751,"href":"https:\/\/contrastes.com.co\/digital\/wp-json\/wp\/v2\/posts\/12748\/revisions\/12751"}],"wp:featuredmedia":[{"embeddable":true,"href":"https:\/\/contrastes.com.co\/digital\/wp-json\/wp\/v2\/media\/12750"}],"wp:attachment":[{"href":"https:\/\/contrastes.com.co\/digital\/wp-json\/wp\/v2\/media?parent=12748"}],"wp:term":[{"taxonomy":"category","embeddable":true,"href":"https:\/\/contrastes.com.co\/digital\/wp-json\/wp\/v2\/categories?post=12748"},{"taxonomy":"post_tag","embeddable":true,"href":"https:\/\/contrastes.com.co\/digital\/wp-json\/wp\/v2\/tags?post=12748"}],"curies":[{"name":"wp","href":"https:\/\/api.w.org\/{rel}","templated":true}]}}