{"id":12761,"date":"2023-01-13T15:11:16","date_gmt":"2023-01-13T20:11:16","guid":{"rendered":"https:\/\/contrastes.com.co\/digital\/?p=12761"},"modified":"2023-01-13T15:11:16","modified_gmt":"2023-01-13T20:11:16","slug":"es-una-decision-acertada-transportadores-ante-anuncio-de-no-subir-tarifas-de-peajes-para-2023","status":"publish","type":"post","link":"https:\/\/contrastes.com.co\/digital\/es-una-decision-acertada-transportadores-ante-anuncio-de-no-subir-tarifas-de-peajes-para-2023\/","title":{"rendered":"\u201cEs una decisi\u00f3n acertada\u201d: transportadores ante anuncio de no subir tarifas de peajes para 2023"},"content":{"rendered":"<p><strong>*\u201cEs una decisi\u00f3n acertada\u201d: transportadores ante anuncio de no subir tarifas de peajes para 2023<\/strong><\/p>\n<blockquote><p><strong>Esperan que esta medida se vea reflejada lo m\u00e1s pronto, porque los costos generales para el gremio, seg\u00fan se\u00f1alan los transportadores, est\u00e1n elevados en m\u00e1s del 70 %.<\/strong><\/p><\/blockquote>\n<p><img loading=\"lazy\" decoding=\"async\" class=\"alignleft  wp-image-8758\" src=\"https:\/\/contrastes.com.co\/digital\/wp-content\/uploads\/2022\/04\/d-capitular.png\" alt=\"\" width=\"73\" height=\"73\" srcset=\"https:\/\/contrastes.com.co\/digital\/wp-content\/uploads\/2022\/04\/d-capitular.png 100w, https:\/\/contrastes.com.co\/digital\/wp-content\/uploads\/2022\/04\/d-capitular-60x60.png 60w\" sizes=\"auto, (max-width: 73px) 100vw, 73px\" \/>espu\u00e9s de que se conociera el anuncio del <strong>ministro de Transporte, Guillermo Reyes<\/strong>, de no aumentar los precios en los peajes para este a\u00f1o, los gremios de transportadores aseguran que es una decisi\u00f3n acertada del Gobierno porque est\u00e1 cumpliendo con la promesa que hab\u00edan planteado desde el Ministro de compensar la subida en los precios de los combustibles, que para el caso del ACPM que impacta a los transportadores de carga, pues subi\u00f3 65 pesos en el 2023.<\/p>\n<p>Adem\u00e1s, dicen que si no se hubiese tomado esa decisi\u00f3n el transporte de carga ser\u00eda inviable en el pa\u00eds.<\/p>\n<p>\u201cRecibimos la decisi\u00f3n con agradecimiento toda vez que el transporte de carga necesita una ayuda del Gobierno y ya nos tiene anunciado que est\u00e1 congelado el precio de los combustibles hasta junio y ahora con el no alza de los peajes completamos, porque ya los costos est\u00e1n elevados al m\u00e1s de 70 %\u201d, dijo<strong> Alfonso Medrano, presidente de la Asociaci\u00f3n Colombiana de Camioneros<\/strong>.<\/p>\n<p>Los gremios esperan que esta medida se vea reflejada lo m\u00e1s pronto posible por cuenta ya que cerca del 15 % de los costos de operaci\u00f3n de los veh\u00edculos est\u00e1 relacionado con el pago de peajes.<\/p>\n<p>Otro sector que ve con buenos ojos la decisi\u00f3n es <strong>Fedetranscarga, su vicepresidente Arnulfo Cuervo<\/strong> asegura que:<\/p>\n<blockquote><p>\u201cRecibimos de la manera m\u00e1s adecuada esta decisi\u00f3n, no solamente porque m\u00e1s o menos el 15 % de los costos de operaci\u00f3n de nuestros veh\u00edculos tiene que ver con el pago de peajes, sino porque adicionalmente, m\u00e1s que un mensaje para el sector, es un mensaje para los operadores de las carreteras que entretanto los recursos que se pagan las casetas de peaje y mantenimiento de las v\u00edas en el derecho a obtener aumentos\u201d.<\/p><\/blockquote>\n<p>Pese a esta decisi\u00f3n dicen que la discusi\u00f3n de fondo que a\u00fan permanece es la de que hay que frenar el desmonte del Fondo de Estabilizaci\u00f3n de Precios de Combustibles.<\/p>\n","protected":false},"excerpt":{"rendered":"<p>*\u201cEs una decisi\u00f3n acertada\u201d: transportadores ante anuncio de no subir tarifas de peajes para 2023 Esperan que esta medida se vea reflejada lo m\u00e1s pronto, porque los costos generales para el gremio, seg\u00fan se\u00f1alan los transportadores, est\u00e1n elevados en m\u00e1s del 70 %. espu\u00e9s de que se conociera el anuncio del ministro de Transporte, Guillermo [&hellip;]<\/p>\n","protected":false},"author":1,"featured_media":12762,"comment_status":"open","ping_status":"open","sticky":false,"template":"","format":"standard","meta":{"footnotes":""},"categories":[5079,4,6,622],"tags":[8430,8429,6868,8431,8432],"class_list":["post-12761","post","type-post","status-publish","format-standard","has-post-thumbnail","hentry","category-impuestos","category-pais","category-region","category-transporte","tag-arnulfo-cuervo","tag-fedetranscarga","tag-guillermo-reyes","tag-ministro-de-transporte","tag-no-subir-tarifas-de-peajes"],"_links":{"self":[{"href":"https:\/\/contrastes.com.co\/digital\/wp-json\/wp\/v2\/posts\/12761","targetHints":{"allow":["GET"]}}],"collection":[{"href":"https:\/\/contrastes.com.co\/digital\/wp-json\/wp\/v2\/posts"}],"about":[{"href":"https:\/\/contrastes.com.co\/digital\/wp-json\/wp\/v2\/types\/post"}],"author":[{"embeddable":true,"href":"https:\/\/contrastes.com.co\/digital\/wp-json\/wp\/v2\/users\/1"}],"replies":[{"embeddable":true,"href":"https:\/\/contrastes.com.co\/digital\/wp-json\/wp\/v2\/comments?post=12761"}],"version-history":[{"count":1,"href":"https:\/\/contrastes.com.co\/digital\/wp-json\/wp\/v2\/posts\/12761\/revisions"}],"predecessor-version":[{"id":12763,"href":"https:\/\/contrastes.com.co\/digital\/wp-json\/wp\/v2\/posts\/12761\/revisions\/12763"}],"wp:featuredmedia":[{"embeddable":true,"href":"https:\/\/contrastes.com.co\/digital\/wp-json\/wp\/v2\/media\/12762"}],"wp:attachment":[{"href":"https:\/\/contrastes.com.co\/digital\/wp-json\/wp\/v2\/media?parent=12761"}],"wp:term":[{"taxonomy":"category","embeddable":true,"href":"https:\/\/contrastes.com.co\/digital\/wp-json\/wp\/v2\/categories?post=12761"},{"taxonomy":"post_tag","embeddable":true,"href":"https:\/\/contrastes.com.co\/digital\/wp-json\/wp\/v2\/tags?post=12761"}],"curies":[{"name":"wp","href":"https:\/\/api.w.org\/{rel}","templated":true}]}}