{"id":12780,"date":"2023-01-16T10:46:11","date_gmt":"2023-01-16T15:46:11","guid":{"rendered":"https:\/\/contrastes.com.co\/digital\/?p=12780"},"modified":"2023-01-16T10:46:11","modified_gmt":"2023-01-16T15:46:11","slug":"asi-fue-mas-de-40-mil-almas-recibieron-a-juanfer-en-el-metropolitano-videos","status":"publish","type":"post","link":"https:\/\/contrastes.com.co\/digital\/asi-fue-mas-de-40-mil-almas-recibieron-a-juanfer-en-el-metropolitano-videos\/","title":{"rendered":"As\u00ed fue: M\u00e1s de 40 mil almas recibieron a Juanfer, en el Metropolitano (VIDEOS)"},"content":{"rendered":"<p><strong>Con la presentaci\u00f3n de Juanfer, tambi\u00e9n aumenta la \u2018juniorman\u00eda\u2019<\/strong><\/p>\n<blockquote><p><strong>M\u00e1s de 40 mil hinchas colmaron el estadio Metropolitano, la masiva asistencia de este domingo presagia la llegada de una nueva etapa de la tan anhelada llave: \u2018equipo-afici\u00f3n\u2019.<\/strong><\/p><\/blockquote>\n<p><img loading=\"lazy\" decoding=\"async\" class=\"alignleft  wp-image-8524\" src=\"https:\/\/contrastes.com.co\/digital\/wp-content\/uploads\/2022\/03\/l-capitular.png\" alt=\"l capitular\" width=\"65\" height=\"65\" srcset=\"https:\/\/contrastes.com.co\/digital\/wp-content\/uploads\/2022\/03\/l-capitular.png 150w, https:\/\/contrastes.com.co\/digital\/wp-content\/uploads\/2022\/03\/l-capitular-60x60.png 60w\" sizes=\"auto, (max-width: 65px) 100vw, 65px\" \/>os 40.000 junioristas que concurrieron al estadio metropolitano desde el mediod\u00eda de este domingo para disfrutar de la presentaci\u00f3n oficial de Juan Fernando Quintero como nuevo jugador del Junior de barranquilla, hizo recordar las viejas \u00e9pocas de la tan recordada \u2018juniorman\u00eda\u2019.<\/p>\n<p><iframe loading=\"lazy\" title=\"Juan Fer QUINTERO \u00a1LLORA! EMOTIVAS PALABRAS a JUNIOR de BARRANQUILLA con SU FAMILIA\" width=\"640\" height=\"360\" src=\"https:\/\/www.youtube.com\/embed\/NQtFPlpOqs4?feature=oembed\" frameborder=\"0\" allow=\"accelerometer; autoplay; clipboard-write; encrypted-media; gyroscope; picture-in-picture; web-share\" referrerpolicy=\"strict-origin-when-cross-origin\" allowfullscreen><\/iframe><\/p>\n<p>Fueron \u00e9pocas en las que el p\u00fablico colmaba el Metropolitano para disfrutar del excelso juego que protagonizaban figuras como<strong> Carlos \u2018El Pibe\u2019 Valderrama, V\u00edctor Danilo Pacheco, Iv\u00e1n Ren\u00e9 Valenciano, Miguel \u2018El niche\u2019 Guerrero, Oswaldo Mackenzie,<\/strong> entre otras figuras.<\/p>\n<p>A la par de exhibir un excelente f\u00fatbol, el cuadro \u2018tibur\u00f3n\u2019 convirti\u00f3 el Metropolitano en un verdadero \u2018b\u00fanker\u2019. Era muy dif\u00edcil y hasta casi imposible que cualquier equipo sacara un buen resultado del \u2018Coloso de la Ciudadela\u2019.<\/p>\n<p>Sin lugar a dudas hab\u00eda una clara sinton\u00eda entre los aficionados que acompa\u00f1aban y el equipo que mostraba buen f\u00fatbol y resultados.<\/p>\n<p>Lamentablemente, con el paso de varias temporadas la \u2018juniorman\u00eda\u2019 se fue desvaneciendo debido a los p\u00e9simos resultados de los rojiblancos y el poco juego de conjunto, por dem\u00e1s exquisito, que mostraba en la cancha.<\/p>\n<p>Todo ello pese a que en los \u00faltimos a\u00f1os las directivas del club han hecho grandes esfuerzos econ\u00f3micos para traer figuras de renombre internacional, no solamente con el objetivo de alcanzar t\u00edtulos en la Liga sino tambi\u00e9n de lograr uno internacional.<\/p>\n<p>Los casos m\u00e1s recientes fueron los de <strong>Te\u00f3filo Guti\u00e9rrez y Miguel \u00c1ngel Borja<\/strong>, pomposas contrataciones con las cuales no obtuvo ninguna figuraci\u00f3n.<\/p>\n<p>El a\u00f1o pasado se decidi\u00f3 por la contrataci\u00f3n del goleador Carlos Bacca, pero el equipo tampoco respondi\u00f3 al final.<\/p>\n<p>Y para este a\u00f1o las directivas decidieron \u201cbotar la casa por la ventana\u201d.<\/p>\n<p>En una audaz negociaci\u00f3n, en la que incluso le gan\u00f3 el pulso a equipos de talla internacional como <strong>River Plate y Flamengo<\/strong>, fue concretada la contrataci\u00f3n de Juan Fernando Quintero, dentro de una negociaci\u00f3n nada f\u00e1cil para las partes.<\/p>\n<p>Realmente, Juanfer es el \u201810\u2019 que la afici\u00f3n estaba reclamando para encarar pr\u00f3ximamente la Liga Colombiana y la Copa Sudamericana.<\/p>\n<p><img loading=\"lazy\" decoding=\"async\" class=\"size-full wp-image-12782 aligncenter\" src=\"https:\/\/contrastes.com.co\/digital\/wp-content\/uploads\/2023\/01\/juenferpres2.jpg\" alt=\"juanferpres2\" width=\"1200\" height=\"677\" srcset=\"https:\/\/contrastes.com.co\/digital\/wp-content\/uploads\/2023\/01\/juenferpres2.jpg 1200w, https:\/\/contrastes.com.co\/digital\/wp-content\/uploads\/2023\/01\/juenferpres2-300x169.jpg 300w, https:\/\/contrastes.com.co\/digital\/wp-content\/uploads\/2023\/01\/juenferpres2-1024x578.jpg 1024w, https:\/\/contrastes.com.co\/digital\/wp-content\/uploads\/2023\/01\/juenferpres2-768x433.jpg 768w\" sizes=\"auto, (max-width: 1200px) 100vw, 1200px\" \/><\/p>\n<p>Durante su presentaci\u00f3n de este domingo en el Metropolitano la afici\u00f3n colm\u00f3 las gradas y pese a que la asistencia no ten\u00eda ning\u00fan costo, los asistentes volvieron a mostrar su fervor juniorista y, especialmente, la simpat\u00eda con el talentoso mediocampista.<\/p>\n<p>La llave <strong>Quintero &#8211; Bacca<\/strong> ya suena como la m\u00e1xima atracci\u00f3n del f\u00fatbol colombiano para esta temporada y ha despertado gran expectativa no solamente en Barranquilla y la Regi\u00f3n Caribe, sino en el pa\u00eds en general donde se aprecia el buen f\u00fatbol.<\/p>\n<p>Por eso, no es aventurado pensar que la \u2018juniormania\u2019 nuevamente se tom\u00f3 a la afici\u00f3n.<\/p>\n<p><iframe loading=\"lazy\" title=\"BIENVENIDO JUANFER AL FPC.ALA BANDA,A JUNIOR,EQUIPO DE HINCHADA FANT\u00c1STICA,CIUDAD HERMOSA.TE LO DIJE\" width=\"640\" height=\"360\" src=\"https:\/\/www.youtube.com\/embed\/p6xg89rxYV0?feature=oembed\" frameborder=\"0\" allow=\"accelerometer; autoplay; clipboard-write; encrypted-media; gyroscope; picture-in-picture; web-share\" referrerpolicy=\"strict-origin-when-cross-origin\" allowfullscreen><\/iframe><\/p>\n<p>&nbsp;<\/p>\n<p><iframe loading=\"lazy\" title=\"Juan Fernando Quintero, hora y lugar de su presentaci\u00f3n como estrella de Junior\" width=\"640\" height=\"360\" src=\"https:\/\/www.youtube.com\/embed\/F7jRXQ7P23E?feature=oembed\" frameborder=\"0\" allow=\"accelerometer; autoplay; clipboard-write; encrypted-media; gyroscope; picture-in-picture; web-share\" referrerpolicy=\"strict-origin-when-cross-origin\" allowfullscreen><\/iframe><\/p>\n<p>&nbsp;<\/p>\n","protected":false},"excerpt":{"rendered":"<p>Los 40.000 junioristas que concurrieron al estadio metropolitano desde el mediod\u00eda de este domingo para disfrutar de la presentaci\u00f3n oficial de Juan Fernando Quintero como nuevo jugador del Junior de barranquilla, hizo recordar las viejas \u00e9pocas de la tan recordada \u2018juniorman\u00eda\u2019.<\/p>\n","protected":false},"author":1,"featured_media":12781,"comment_status":"open","ping_status":"open","sticky":false,"template":"","format":"standard","meta":{"footnotes":""},"categories":[8,5045,2,4,113,6,4995],"tags":[56,5341,4907,1215,8443],"class_list":["post-12780","post","type-post","status-publish","format-standard","has-post-thumbnail","hentry","category-deportes","category-futbol","category-locales","category-pais","category-personajes","category-region","category-television-web","tag-barranquilla","tag-estadio-metropolitano-roberto-melendez","tag-juan-fernando-quintero","tag-junior-de-barranquilla","tag-presentacion-oficial"],"_links":{"self":[{"href":"https:\/\/contrastes.com.co\/digital\/wp-json\/wp\/v2\/posts\/12780","targetHints":{"allow":["GET"]}}],"collection":[{"href":"https:\/\/contrastes.com.co\/digital\/wp-json\/wp\/v2\/posts"}],"about":[{"href":"https:\/\/contrastes.com.co\/digital\/wp-json\/wp\/v2\/types\/post"}],"author":[{"embeddable":true,"href":"https:\/\/contrastes.com.co\/digital\/wp-json\/wp\/v2\/users\/1"}],"replies":[{"embeddable":true,"href":"https:\/\/contrastes.com.co\/digital\/wp-json\/wp\/v2\/comments?post=12780"}],"version-history":[{"count":1,"href":"https:\/\/contrastes.com.co\/digital\/wp-json\/wp\/v2\/posts\/12780\/revisions"}],"predecessor-version":[{"id":12783,"href":"https:\/\/contrastes.com.co\/digital\/wp-json\/wp\/v2\/posts\/12780\/revisions\/12783"}],"wp:featuredmedia":[{"embeddable":true,"href":"https:\/\/contrastes.com.co\/digital\/wp-json\/wp\/v2\/media\/12781"}],"wp:attachment":[{"href":"https:\/\/contrastes.com.co\/digital\/wp-json\/wp\/v2\/media?parent=12780"}],"wp:term":[{"taxonomy":"category","embeddable":true,"href":"https:\/\/contrastes.com.co\/digital\/wp-json\/wp\/v2\/categories?post=12780"},{"taxonomy":"post_tag","embeddable":true,"href":"https:\/\/contrastes.com.co\/digital\/wp-json\/wp\/v2\/tags?post=12780"}],"curies":[{"name":"wp","href":"https:\/\/api.w.org\/{rel}","templated":true}]}}