{"id":12882,"date":"2023-01-19T12:34:05","date_gmt":"2023-01-19T17:34:05","guid":{"rendered":"https:\/\/contrastes.com.co\/digital\/?p=12882"},"modified":"2023-01-19T12:34:05","modified_gmt":"2023-01-19T17:34:05","slug":"campeonato-sudamericano-sub-20-fechas-horarios-y-todo-lo-que-tiene-que-saber-del-torneo-juvenil","status":"publish","type":"post","link":"https:\/\/contrastes.com.co\/digital\/campeonato-sudamericano-sub-20-fechas-horarios-y-todo-lo-que-tiene-que-saber-del-torneo-juvenil\/","title":{"rendered":"Campeonato Sudamericano Sub-20: fechas, horarios y todo lo que tiene que saber del torneo juvenil"},"content":{"rendered":"<p><strong>*Campeonato Sudamericano Sub-20: fechas, horarios y todo lo que tiene que saber del torneo juvenil<\/strong><\/p>\n<blockquote><p><strong>Este jueves, 19 de enero, se dar\u00e1 inicio en Cali al Campeonato Sudamericano Sub-20 2023 con el duelo entre Per\u00fa y Brasil.<\/strong><\/p><\/blockquote>\n<p><img loading=\"lazy\" decoding=\"async\" class=\"alignleft  wp-image-8591\" src=\"https:\/\/contrastes.com.co\/digital\/wp-content\/uploads\/2022\/03\/r-capitular.png\" alt=\"r capitular\" width=\"59\" height=\"59\" srcset=\"https:\/\/contrastes.com.co\/digital\/wp-content\/uploads\/2022\/03\/r-capitular.png 100w, https:\/\/contrastes.com.co\/digital\/wp-content\/uploads\/2022\/03\/r-capitular-60x60.png 60w\" sizes=\"auto, (max-width: 59px) 100vw, 59px\" \/>egresan las emociones del f\u00fatbol sudamericano a nivel de selecciones, pero con los m\u00e1s j\u00f3venes como protagonistas. Desde este jueves, 19 de enero, en Colombia, se vivir\u00e1 el inicio del Campeonato Sudamericano Sub-20 que dar\u00e1 luz a las futuras estrellas del balonpi\u00e9 internacional.<\/p>\n<p>Per\u00fa y Brasil ser\u00e1n los encargados de dar inicio al campeonato en el estadio Olimpico Pascual Guerrero desde las 5:00 de la tarde. Este compromiso tendr\u00e1 transmisi\u00f3n oficial por el Gol Caracol y en radio con Blu Radio.<\/p>\n<p>Cabe recordar que Colombia tambi\u00e9n tendr\u00e1 protagonismo en la primera fecha del Campeonato Sudamericano Sub-20, pues desde las 7:30 de la noche, la tricolor se enfrentar\u00e1 a Paraguay en el mismo estadio que horas antes la verdeamarela estar\u00e1.<\/p>\n<p>Los compromisos del Campeonato Sudamericano Sub-20 ser\u00e1n transmitidos con el Gol Caracol y Blu Radio, al igual que todo el material de repetici\u00f3n de los compromisos se ver\u00e1n en las redes oficiales de Conmebol.<\/p>\n<h3>Estos son los grupos el Campeonato Sudamericano Sub-20<\/h3>\n<h3>Grupo A<\/h3>\n<hr \/>\n<p>Argentina<\/p>\n<hr \/>\n<p>Colombia<\/p>\n<hr \/>\n<p>Brasil<\/p>\n<hr \/>\n<p>Paraguay<\/p>\n<hr \/>\n<p>Per\u00fa<\/p>\n<hr \/>\n<h3><\/h3>\n<h3>Grupo B<\/h3>\n<hr \/>\n<p>Chile<\/p>\n<hr \/>\n<p>Bolivia<\/p>\n<hr \/>\n<p>Ecuador<\/p>\n<hr \/>\n<p>Uruguay<\/p>\n<hr \/>\n<p>Venezuela<\/p>\n<hr \/>\n<p>&nbsp;<\/p>\n<h3>As\u00ed se disputar\u00e1 la Sub-20<\/h3>\n<p><img loading=\"lazy\" decoding=\"async\" class=\"size-full wp-image-12884 aligncenter\" src=\"https:\/\/contrastes.com.co\/digital\/wp-content\/uploads\/2023\/01\/fixturesub20.jpg\" alt=\"fixturesub2023\" width=\"1200\" height=\"667\" srcset=\"https:\/\/contrastes.com.co\/digital\/wp-content\/uploads\/2023\/01\/fixturesub20.jpg 1200w, https:\/\/contrastes.com.co\/digital\/wp-content\/uploads\/2023\/01\/fixturesub20-300x167.jpg 300w, https:\/\/contrastes.com.co\/digital\/wp-content\/uploads\/2023\/01\/fixturesub20-1024x569.jpg 1024w, https:\/\/contrastes.com.co\/digital\/wp-content\/uploads\/2023\/01\/fixturesub20-768x427.jpg 768w\" sizes=\"auto, (max-width: 1200px) 100vw, 1200px\" \/><\/p>\n","protected":false},"excerpt":{"rendered":"<p>Regresan las emociones del f\u00fatbol sudamericano a nivel de selecciones, pero con los m\u00e1s j\u00f3venes como protagonistas. Desde este jueves, 19 de enero, en Colombia, se vivir\u00e1 el inicio del Campeonato Sudamericano Sub-20 que dar\u00e1 luz a las futuras estrellas del balonpi\u00e9 internacional.<\/p>\n","protected":false},"author":1,"featured_media":12883,"comment_status":"open","ping_status":"open","sticky":false,"template":"","format":"standard","meta":{"footnotes":""},"categories":[8,2148,5045,1004,11,4],"tags":[8546,5198,8548,8547],"class_list":["post-12882","post","type-post","status-publish","format-standard","has-post-thumbnail","hentry","category-deportes","category-eventos","category-futbol","category-juventud","category-mundo","category-pais","tag-campeonato-sudamericano-sub-20","tag-fechas","tag-futbol-sub-20","tag-horarios"],"_links":{"self":[{"href":"https:\/\/contrastes.com.co\/digital\/wp-json\/wp\/v2\/posts\/12882","targetHints":{"allow":["GET"]}}],"collection":[{"href":"https:\/\/contrastes.com.co\/digital\/wp-json\/wp\/v2\/posts"}],"about":[{"href":"https:\/\/contrastes.com.co\/digital\/wp-json\/wp\/v2\/types\/post"}],"author":[{"embeddable":true,"href":"https:\/\/contrastes.com.co\/digital\/wp-json\/wp\/v2\/users\/1"}],"replies":[{"embeddable":true,"href":"https:\/\/contrastes.com.co\/digital\/wp-json\/wp\/v2\/comments?post=12882"}],"version-history":[{"count":1,"href":"https:\/\/contrastes.com.co\/digital\/wp-json\/wp\/v2\/posts\/12882\/revisions"}],"predecessor-version":[{"id":12885,"href":"https:\/\/contrastes.com.co\/digital\/wp-json\/wp\/v2\/posts\/12882\/revisions\/12885"}],"wp:featuredmedia":[{"embeddable":true,"href":"https:\/\/contrastes.com.co\/digital\/wp-json\/wp\/v2\/media\/12883"}],"wp:attachment":[{"href":"https:\/\/contrastes.com.co\/digital\/wp-json\/wp\/v2\/media?parent=12882"}],"wp:term":[{"taxonomy":"category","embeddable":true,"href":"https:\/\/contrastes.com.co\/digital\/wp-json\/wp\/v2\/categories?post=12882"},{"taxonomy":"post_tag","embeddable":true,"href":"https:\/\/contrastes.com.co\/digital\/wp-json\/wp\/v2\/tags?post=12882"}],"curies":[{"name":"wp","href":"https:\/\/api.w.org\/{rel}","templated":true}]}}