{"id":12894,"date":"2023-01-19T21:47:14","date_gmt":"2023-01-20T02:47:14","guid":{"rendered":"https:\/\/contrastes.com.co\/digital\/?p=12894"},"modified":"2023-01-19T21:47:14","modified_gmt":"2023-01-20T02:47:14","slug":"dialogos-con-la-reina-del-carnaval-de-soledad-ashley-fadul-y-sus-dos-anos-como-soberana","status":"publish","type":"post","link":"https:\/\/contrastes.com.co\/digital\/dialogos-con-la-reina-del-carnaval-de-soledad-ashley-fadul-y-sus-dos-anos-como-soberana\/","title":{"rendered":"Di\u00e1logos, con la Reina del Carnaval de Soledad Ashley Fadul y sus dos a\u00f1os como soberana"},"content":{"rendered":"<p><strong>*Di\u00e1logos, con la Reina del Carnaval de Soledad Ashley Fadul y sus dos a\u00f1os como soberana<\/strong><\/p>\n<blockquote><p><strong>En dialogo con Contrastes.com.co, Ashley nos cuenta c\u00f3mo se sinti\u00f3 en aquellos momentos que vivi\u00f3 el mundo entero con la pandemia, c\u00f3mo afront\u00f3 las dif\u00edciles situaciones que ello implicaba y como entendi\u00f3 que suspender las festividades del carnaval 2022 fue la mejor decisi\u00f3n para salvaguardar la salud de los ciudadanos.<\/strong><\/p><\/blockquote>\n<p><strong>Por Lester Padilla<\/strong><\/p>\n<p><img loading=\"lazy\" decoding=\"async\" class=\"alignleft  wp-image-11219\" src=\"https:\/\/contrastes.com.co\/digital\/wp-content\/uploads\/2022\/09\/s.png\" alt=\"\" width=\"53\" height=\"53\" srcset=\"https:\/\/contrastes.com.co\/digital\/wp-content\/uploads\/2022\/09\/s.png 100w, https:\/\/contrastes.com.co\/digital\/wp-content\/uploads\/2022\/09\/s-60x60.png 60w\" sizes=\"auto, (max-width: 53px) 100vw, 53px\" \/>eguramente quedar\u00e1 en los registros hist\u00f3ricos de Soledad que hubo una reina por dos periodos consecutivos. <strong>Ashley Fadul,<\/strong> actual reina del <strong>Carnaval de Soledad 2023,<\/strong> inici\u00f3 su mandato en el 2022, pero este fue pausado debido a la emergencia sanitaria por el covid 19, por tal motivo, Soledad le dio en una compensaci\u00f3n justa el honor de realizar su mandato en el 2023.<\/p>\n<p><iframe loading=\"lazy\" title=\"Di\u00e1logos, con la Reina del Carnaval de Soledad Ashley Fadul\" width=\"640\" height=\"360\" src=\"https:\/\/www.youtube.com\/embed\/kKC-ERBttsw?feature=oembed\" frameborder=\"0\" allow=\"accelerometer; autoplay; clipboard-write; encrypted-media; gyroscope; picture-in-picture; web-share\" referrerpolicy=\"strict-origin-when-cross-origin\" allowfullscreen><\/iframe><\/p>\n<p>En dialogo con <strong>Contrastes.com.co,<\/strong> Ashley nos cuenta c\u00f3mo se sinti\u00f3 en aquellos momentos que vivi\u00f3 el mundo entero, como afront\u00f3 las dif\u00edciles situaciones que ello implicaba y como entendi\u00f3 que fue la mejor decisi\u00f3n para salvaguardar la salud de los ciudadanos.<\/p>\n<p>Hoy se encuentra muy fortalecida y con ganas de brindarle a los solede\u00f1os y al departamento del Atl\u00e1ntico lo mejor de sus capacidades y alegr\u00eda, lo que garantiza que estas carnestolendas 2023 en el municipio butifarrero ser\u00e1n, sin duda, unos carnavales inolvidables.<\/p>\n<h3><strong>La lucha con la muerte<\/strong><\/h3>\n<p>Todo est\u00e1 listo para que Ashley de inicio este 20 de enero a las fiestas del Carnaval en el marco del desfile del <strong>Ceremonial de la Muerte<\/strong>, el cual prepara desde hace meses con su comitiva y grupos de baile, en donde la muerte llegar\u00e1 a tomarse su casa, ubicada en la carrera 23 con 22; de all\u00ed partir\u00e1 la soberana para enfrentar a la muerte, vencerla y con ello darle rienda suelta al disfrute del <strong>Carnaval 2023<\/strong>, una alegor\u00eda de la lucha eterna entre la vida y la muerte en donde la belleza, la esperanza y los deseos de vivir emergen triunfantes de esta batalla, algo muy parecido a la lucha que la humanidad libr\u00f3 contra el coronavirus en esta pandemia que nos marc\u00f3 a todos. \u201cEsperamos que todos los solede\u00f1os disfruten de esta fiesta y que se gocen este carnaval\u201d afirm\u00f3 la reina, Ashly Fadul, la soberana que venci\u00f3 a la muerte tanto en la pandemia como en sus dos reinados.<\/p>\n","protected":false},"excerpt":{"rendered":"<p>Seguramente quedar\u00e1 en los registros hist\u00f3ricos de Soledad que hubo una reina por dos periodos consecutivos. Ashley Fadul, actual reina del Carnaval de Soledad 2023, inici\u00f3 su mandato en el 2022, pero este fue pausado debido a la emergencia sanitaria por el covid 19, por tal motivo, Soledad le dio en una compensaci\u00f3n justa el honor de realizar su mandato en el 2023.<\/p>\n","protected":false},"author":1,"featured_media":12895,"comment_status":"open","ping_status":"open","sticky":false,"template":"","format":"standard","meta":{"footnotes":""},"categories":[1769,64,520,2,113,6,4995],"tags":[8571,8449,8572,522,3261,8570],"class_list":["post-12894","post","type-post","status-publish","format-standard","has-post-thumbnail","hentry","category-carnaval","category-cultura","category-entrevista","category-locales","category-personajes","category-region","category-television-web","tag-ashley-fadul","tag-ceremonial-de-la-muerte","tag-contrastes-com-co","tag-entrevista","tag-lester-padilla","tag-reina-del-carnaval-de-soledad"],"_links":{"self":[{"href":"https:\/\/contrastes.com.co\/digital\/wp-json\/wp\/v2\/posts\/12894","targetHints":{"allow":["GET"]}}],"collection":[{"href":"https:\/\/contrastes.com.co\/digital\/wp-json\/wp\/v2\/posts"}],"about":[{"href":"https:\/\/contrastes.com.co\/digital\/wp-json\/wp\/v2\/types\/post"}],"author":[{"embeddable":true,"href":"https:\/\/contrastes.com.co\/digital\/wp-json\/wp\/v2\/users\/1"}],"replies":[{"embeddable":true,"href":"https:\/\/contrastes.com.co\/digital\/wp-json\/wp\/v2\/comments?post=12894"}],"version-history":[{"count":1,"href":"https:\/\/contrastes.com.co\/digital\/wp-json\/wp\/v2\/posts\/12894\/revisions"}],"predecessor-version":[{"id":12896,"href":"https:\/\/contrastes.com.co\/digital\/wp-json\/wp\/v2\/posts\/12894\/revisions\/12896"}],"wp:featuredmedia":[{"embeddable":true,"href":"https:\/\/contrastes.com.co\/digital\/wp-json\/wp\/v2\/media\/12895"}],"wp:attachment":[{"href":"https:\/\/contrastes.com.co\/digital\/wp-json\/wp\/v2\/media?parent=12894"}],"wp:term":[{"taxonomy":"category","embeddable":true,"href":"https:\/\/contrastes.com.co\/digital\/wp-json\/wp\/v2\/categories?post=12894"},{"taxonomy":"post_tag","embeddable":true,"href":"https:\/\/contrastes.com.co\/digital\/wp-json\/wp\/v2\/tags?post=12894"}],"curies":[{"name":"wp","href":"https:\/\/api.w.org\/{rel}","templated":true}]}}