{"id":12897,"date":"2023-01-19T21:53:53","date_gmt":"2023-01-20T02:53:53","guid":{"rendered":"https:\/\/contrastes.com.co\/digital\/?p=12897"},"modified":"2023-01-19T21:53:53","modified_gmt":"2023-01-20T02:53:53","slug":"la-big-band-orquesta-de-pacho-galan-sonando-fuerte-en-el-carnaval-2023","status":"publish","type":"post","link":"https:\/\/contrastes.com.co\/digital\/la-big-band-orquesta-de-pacho-galan-sonando-fuerte-en-el-carnaval-2023\/","title":{"rendered":"La Big Band Orquesta de Pacho Gal\u00e1n, sonando fuerte en el Carnaval 2023"},"content":{"rendered":"<p><strong>*La Big Band Orquesta de Pacho Gal\u00e1n, sonando fuerte en el Carnaval 2023<\/strong><\/p>\n<blockquote><p><strong>En di\u00e1logo con Contrastes.com.co, Armando Gal\u00e1n, nieto del maestro Pacho, nos comenta c\u00f3mo lidera este nuevo proceso musical desde hace varios a\u00f1os con el firme objetivo de llevar a las nuevas generaciones la obra y legado de su abuelo.<\/strong><\/p><\/blockquote>\n<p><strong>Por Lester Padilla<\/strong><\/p>\n<p><img loading=\"lazy\" decoding=\"async\" class=\"alignleft  wp-image-11219\" src=\"https:\/\/contrastes.com.co\/digital\/wp-content\/uploads\/2022\/09\/s.png\" alt=\"\" width=\"59\" height=\"59\" srcset=\"https:\/\/contrastes.com.co\/digital\/wp-content\/uploads\/2022\/09\/s.png 100w, https:\/\/contrastes.com.co\/digital\/wp-content\/uploads\/2022\/09\/s-60x60.png 60w\" sizes=\"auto, (max-width: 59px) 100vw, 59px\" \/>e viene con un cargamento de novedades y variedades musicales la<strong> Orquesta de Pacho Gal\u00e1n Big Band<\/strong> para este carnaval 2023 y contin\u00faa su labor art\u00edstica salvaguardando el legado musical del maestro Solede\u00f1o <strong>Francisco \u00abPacho\u00bb Gal\u00e1n Blanco<\/strong>,<strong> creador del ritmo Merecumbe<\/strong>.<\/p>\n<p><iframe loading=\"lazy\" title=\"La Big Band Orquesta de Pacho Gal\u00e1n, sonando fuerte en el Carnaval 2023\" width=\"640\" height=\"360\" src=\"https:\/\/www.youtube.com\/embed\/n5JR7ErA0ws?feature=oembed\" frameborder=\"0\" allow=\"accelerometer; autoplay; clipboard-write; encrypted-media; gyroscope; picture-in-picture; web-share\" referrerpolicy=\"strict-origin-when-cross-origin\" allowfullscreen><\/iframe><\/p>\n<p>En di\u00e1logo con <strong>Contrastes.com.co,<\/strong> <strong>Armando Gal\u00e1n<\/strong>, nieto del maestro Pacho, nos comenta c\u00f3mo lidera este nuevo proceso musical desde hace varios a\u00f1os con el firme objetivo de llevar a las nuevas generaciones la obra y legado de su abuelo.<\/p>\n<p>\u201cNo es f\u00e1cil esta tarea de llevar a las nuevas generaciones los conceptos art\u00edsticos del Merecumbe puesto que ahora se consumen otro tipo de m\u00fasica, sin embargo a trav\u00e9s de eventos acad\u00e9micos como el Festival del Merecumbe que se realiza cada a\u00f1o en Soledad, hacemos que los j\u00f3venes se apropien de concepto Merecumbe y puedan proyectar a trav\u00e9s de las nuevas sonoridades este ritmo que puso a bailar al mundo en d\u00e9cadas pasadas\u201d, precis\u00f3 Armando Gal\u00e1n.<\/p>\n<p>El <strong>Festival del Merecumbe<\/strong> es un evento art\u00edstico y acad\u00e9mico que se realiza a\u00f1o tras a\u00f1o, llevando a todas las instituciones educativas del municipio de Soledad propuestas formativas y art\u00edsticas que, con el apoyo de los entes gubernamentales, hacen que el Merecumbe siga vivo no solo en p\u00fablico mayor, sino en los j\u00f3venes.<\/p>\n","protected":false},"excerpt":{"rendered":"<p>Se viene con un cargamento de novedades y variedades musicales la orquesta de Pacho Gal\u00e1n Big Band para este carnaval 2023 y contin\u00faa su labor art\u00edstica salvaguardando el legado musical del maestro Solede\u00f1o Francisco \u00abPacho\u00bb Gal\u00e1n Blanco, creador del ritmo Merecumbe.<\/p>\n","protected":false},"author":1,"featured_media":12898,"comment_status":"open","ping_status":"open","sticky":false,"template":"","format":"standard","meta":{"footnotes":""},"categories":[64,520,2,2047,113,6,4995],"tags":[8576,8572,8575,8577,8574,3261,8573],"class_list":["post-12897","post","type-post","status-publish","format-standard","has-post-thumbnail","hentry","category-cultura","category-entrevista","category-locales","category-musica","category-personajes","category-region","category-television-web","tag-armando-galan","tag-contrastes-com-co","tag-creador-del-ritmo-merecumbe","tag-festival-del-merecumbe","tag-francisco-pacho-galan-blanco","tag-lester-padilla","tag-orquesta-de-pacho-galan-big-band"],"_links":{"self":[{"href":"https:\/\/contrastes.com.co\/digital\/wp-json\/wp\/v2\/posts\/12897","targetHints":{"allow":["GET"]}}],"collection":[{"href":"https:\/\/contrastes.com.co\/digital\/wp-json\/wp\/v2\/posts"}],"about":[{"href":"https:\/\/contrastes.com.co\/digital\/wp-json\/wp\/v2\/types\/post"}],"author":[{"embeddable":true,"href":"https:\/\/contrastes.com.co\/digital\/wp-json\/wp\/v2\/users\/1"}],"replies":[{"embeddable":true,"href":"https:\/\/contrastes.com.co\/digital\/wp-json\/wp\/v2\/comments?post=12897"}],"version-history":[{"count":1,"href":"https:\/\/contrastes.com.co\/digital\/wp-json\/wp\/v2\/posts\/12897\/revisions"}],"predecessor-version":[{"id":12899,"href":"https:\/\/contrastes.com.co\/digital\/wp-json\/wp\/v2\/posts\/12897\/revisions\/12899"}],"wp:featuredmedia":[{"embeddable":true,"href":"https:\/\/contrastes.com.co\/digital\/wp-json\/wp\/v2\/media\/12898"}],"wp:attachment":[{"href":"https:\/\/contrastes.com.co\/digital\/wp-json\/wp\/v2\/media?parent=12897"}],"wp:term":[{"taxonomy":"category","embeddable":true,"href":"https:\/\/contrastes.com.co\/digital\/wp-json\/wp\/v2\/categories?post=12897"},{"taxonomy":"post_tag","embeddable":true,"href":"https:\/\/contrastes.com.co\/digital\/wp-json\/wp\/v2\/tags?post=12897"}],"curies":[{"name":"wp","href":"https:\/\/api.w.org\/{rel}","templated":true}]}}