{"id":12964,"date":"2023-01-25T13:08:14","date_gmt":"2023-01-25T18:08:14","guid":{"rendered":"https:\/\/contrastes.com.co\/digital\/?p=12964"},"modified":"2023-01-25T13:08:14","modified_gmt":"2023-01-25T18:08:14","slug":"alerta-en-el-pais-por-ola-de-homicidios-en-barranquilla-y-su-area-metropolitana","status":"publish","type":"post","link":"https:\/\/contrastes.com.co\/digital\/alerta-en-el-pais-por-ola-de-homicidios-en-barranquilla-y-su-area-metropolitana\/","title":{"rendered":"Alerta en el pa\u00eds por ola de homicidios en Barranquilla y su \u00c1rea Metropolitana"},"content":{"rendered":"<p><strong>*Procuradora convoc\u00f3 audiencia p\u00fablica tras ola de homicidios en Barraquilla y su \u00e1rea metropolitana<\/strong><\/p>\n<blockquote><p><strong>Margarita Cabello precis\u00f3 que el objetivo de la audiencia p\u00fablica ser\u00e1 el de escuchar a las comunidades, para lograr establecer estrategias de contenci\u00f3n que logren mitigar dicho flagelo. El punto m\u00e1s cr\u00edtico para las autoridades ser\u00eda Soledad, Atl\u00e1ntico, en el que se han presentado, a 25 d\u00edas del mes de enero, 21 homicidios , nueve m\u00e1s que en el mismo periodo pero del a\u00f1o 2022.<\/strong><\/p><\/blockquote>\n<p><img loading=\"lazy\" decoding=\"async\" class=\"alignleft  wp-image-8524\" src=\"https:\/\/contrastes.com.co\/digital\/wp-content\/uploads\/2022\/03\/l-capitular.png\" alt=\"l capitular\" width=\"76\" height=\"76\" srcset=\"https:\/\/contrastes.com.co\/digital\/wp-content\/uploads\/2022\/03\/l-capitular.png 150w, https:\/\/contrastes.com.co\/digital\/wp-content\/uploads\/2022\/03\/l-capitular-60x60.png 60w\" sizes=\"auto, (max-width: 76px) 100vw, 76px\" \/>a <strong>procuradora general de la Naci\u00f3n, Margarita Cabello,<\/strong> anunci\u00f3 la ma\u00f1ana de este mi\u00e9rcoles la realizaci\u00f3n de una <strong>audiencia p\u00fablica en Barranquilla<\/strong> <strong>para evaluar temas de inseguridad,<\/strong> tras la racha de homicidios que se ha registrado desde inicios de este a\u00f1o 2023 en el \u00e1rea metropolitana de la capital del Atl\u00e1ntico.<\/p>\n<p>Es as\u00ed como Cabello asegur\u00f3 que, junto con las <strong>autoridades del Distrito de Barranquilla, alcaldes municipales, Gobernaci\u00f3n del Atl\u00e1ntico y Polic\u00eda Nacional,<\/strong> se analizar\u00e1 qu\u00e9 est\u00e1 sucediendo en la ciudad para desplegar medidas de contenci\u00f3n contra este flagelo.<\/p>\n<p>\u00abDebo anunciar que prepararemos una audiencia p\u00fablica en la ciudad de Barranquilla para verificar, de primera mano, qu\u00e9 es lo que est\u00e1 pasando en temas de seguridad, sobre todo, para contener el delito del homicidio \u00ab, acot\u00f3 Cabello.<\/p>\n<p>La funcionaria anunci\u00f3 que prepara, adem\u00e1s del encuentro, que a\u00fan no tiene fecha, un documento que ser\u00e1 presentado al Consejo Nacional de la Judicatura relacionado con la captura de delincuentes, cuestionando que sean dejados en libertad horas despu\u00e9s de ser capturados y les otorguen beneficios de casa por c\u00e1rcel en muchos casos.<\/p>\n<p>Por otra parte, Cabello se refiri\u00f3 a la problem\u00e1tica de robo de tierras en el <strong>departamento del Atl\u00e1ntico<\/strong>, precisando que se adelantan 17 investigaciones y que pronto se dar\u00e1n a conocer los resultados de lo que viene ocurriendo en el <strong>municipio de Puerto Colombia<\/strong>, Atl\u00e1ntico.<\/p>\n<blockquote><p>El punto m\u00e1s cr\u00edtico para las autoridades ser\u00eda Soledad, Atl\u00e1ntico, en el que se han presentado, a 25 d\u00edas del mes de enero, 21 homicidios , nueve m\u00e1s que en el mismo periodo pero del a\u00f1o 2022.<\/p><\/blockquote>\n<p>Es por ello que este mi\u00e9rcoles 100 nuevos uniformados de la Polic\u00eda Nacional llegaron hasta este municipio para reforzar la seguridad con mayor n\u00famero de patrullajes, despliegue operativo en las zonas rojas y allanamientos.<\/p>\n<p>As\u00ed lo confirm\u00f3 el <strong>general Jorge Urquijo, comandante de la Polic\u00eda de Barranquilla,<\/strong> quien se\u00f1al\u00f3 lo siguiente:<\/p>\n<p>\u00abHoy contamos con 100 nuevos uniformados de la Polic\u00eda para acompa\u00f1ar al municipio de Soledad, con la instalaci\u00f3n de un nuevo comando situacional para desplegar acciones en las zonas consideradas como puntos rojos\u00bb.<\/p>\n","protected":false},"excerpt":{"rendered":"<p>*Procuradora convoc\u00f3 audiencia p\u00fablica tras ola de homicidios en Barraquilla y su \u00e1rea metropolitana Margarita Cabello precis\u00f3 que el objetivo de la audiencia p\u00fablica ser\u00e1 el de escuchar a las comunidades, para lograr establecer estrategias de contenci\u00f3n que logren mitigar dicho flagelo. El punto m\u00e1s cr\u00edtico para las autoridades ser\u00eda Soledad, Atl\u00e1ntico, en el que [&hellip;]<\/p>\n","protected":false},"author":1,"featured_media":12965,"comment_status":"open","ping_status":"open","sticky":false,"template":"","format":"standard","meta":{"footnotes":""},"categories":[1462,10,2,6,998],"tags":[3051,8632,8634,2602,8633,8629,30,8631,38,129,8630],"class_list":["post-12964","post","type-post","status-publish","format-standard","has-post-thumbnail","hentry","category-inseguridad","category-judicial","category-locales","category-region","category-seguridad-ciudadana","tag-alcaldes-municipales","tag-audiencia-publica-en-barranquilla","tag-autoridades-del-distrito-de-barranquilla","tag-comandante-de-la-policia-de-barranquilla","tag-evaluar-temas-de-inseguridad","tag-general-jorge-urquijo","tag-gobernacion-del-atlantico","tag-margarita-cabello","tag-municipio-de-soledad","tag-policia-nacional","tag-procuradora-general-de-la-nacion"],"_links":{"self":[{"href":"https:\/\/contrastes.com.co\/digital\/wp-json\/wp\/v2\/posts\/12964","targetHints":{"allow":["GET"]}}],"collection":[{"href":"https:\/\/contrastes.com.co\/digital\/wp-json\/wp\/v2\/posts"}],"about":[{"href":"https:\/\/contrastes.com.co\/digital\/wp-json\/wp\/v2\/types\/post"}],"author":[{"embeddable":true,"href":"https:\/\/contrastes.com.co\/digital\/wp-json\/wp\/v2\/users\/1"}],"replies":[{"embeddable":true,"href":"https:\/\/contrastes.com.co\/digital\/wp-json\/wp\/v2\/comments?post=12964"}],"version-history":[{"count":1,"href":"https:\/\/contrastes.com.co\/digital\/wp-json\/wp\/v2\/posts\/12964\/revisions"}],"predecessor-version":[{"id":12966,"href":"https:\/\/contrastes.com.co\/digital\/wp-json\/wp\/v2\/posts\/12964\/revisions\/12966"}],"wp:featuredmedia":[{"embeddable":true,"href":"https:\/\/contrastes.com.co\/digital\/wp-json\/wp\/v2\/media\/12965"}],"wp:attachment":[{"href":"https:\/\/contrastes.com.co\/digital\/wp-json\/wp\/v2\/media?parent=12964"}],"wp:term":[{"taxonomy":"category","embeddable":true,"href":"https:\/\/contrastes.com.co\/digital\/wp-json\/wp\/v2\/categories?post=12964"},{"taxonomy":"post_tag","embeddable":true,"href":"https:\/\/contrastes.com.co\/digital\/wp-json\/wp\/v2\/tags?post=12964"}],"curies":[{"name":"wp","href":"https:\/\/api.w.org\/{rel}","templated":true}]}}