{"id":13001,"date":"2023-01-27T12:15:32","date_gmt":"2023-01-27T17:15:32","guid":{"rendered":"https:\/\/contrastes.com.co\/digital\/?p=13001"},"modified":"2023-01-27T12:15:32","modified_gmt":"2023-01-27T17:15:32","slug":"soledad-se-vincula-a-la-primera-jornada-nacional-de-vacunacion-del-2023","status":"publish","type":"post","link":"https:\/\/contrastes.com.co\/digital\/soledad-se-vincula-a-la-primera-jornada-nacional-de-vacunacion-del-2023\/","title":{"rendered":"Soledad se vincula a la primera Jornada Nacional de Vacunaci\u00f3n del 2023"},"content":{"rendered":"<p><strong>*Soledad se vincula a la primera Jornada Nacional de Vacunaci\u00f3n del 2023<\/strong><\/p>\n<blockquote><p><strong>Este s\u00e1bado, 28 de enero, se desarrollar\u00e1 la primera Jornada Nacional de Vacunaci\u00f3n y el personal de Salud de la Alcald\u00eda de Soledad se vincula a este gran compromiso.<\/strong><\/p><\/blockquote>\n<p><img loading=\"lazy\" decoding=\"async\" class=\"alignleft  wp-image-8683\" src=\"https:\/\/contrastes.com.co\/digital\/wp-content\/uploads\/2022\/03\/a-capitular.png\" alt=\"a capitular\" width=\"66\" height=\"66\" srcset=\"https:\/\/contrastes.com.co\/digital\/wp-content\/uploads\/2022\/03\/a-capitular.png 100w, https:\/\/contrastes.com.co\/digital\/wp-content\/uploads\/2022\/03\/a-capitular-60x60.png 60w\" sizes=\"auto, (max-width: 66px) 100vw, 66px\" \/>\u00a0la primera Jornada Nacional de Vacunaci\u00f3n que se realizar\u00e1 este s\u00e1bado 28 de enero y cuyo lema es<strong> \u201cPong\u00e1monos al d\u00eda\u201d,<\/strong> podr\u00e1n acceder menores de 5 a\u00f1os, quienes recibir\u00e1n las vacunas iniciando, continuando o terminando esquema para inmunizarlos contra: <strong>polio, pentavalente, neumococo, triple viral, hepatitis A, varicela, fiebre amarilla y DPT. De igual forma, las mujeres embarazadas podr\u00e1n vacunarse contra el Covid 19, influenza y DPT acelular. Ni\u00f1as entre los 9 y 17 a\u00f1os, VPH.<\/strong><\/p>\n<p>Un total de 16 puntos de la red p\u00fablica y privada estar\u00e1n habilitados entre las 8:00 de la ma\u00f1ana y las 4:00 de la tarde, donde se proyecta aplicar, 1.845 dosis, enfatizando en ni\u00f1os menores de un a\u00f1o a cinco.<\/p>\n<p>En la jornada tambi\u00e9n se inmunizar\u00e1 contra el Covid-19 a la poblaci\u00f3n de 3 a\u00f1os en adelante, iniciando, continuando y terminando esquema contra el Covid-19.<\/p>\n<p>El <strong>alcalde de Soledad, Rodolfo Ucr\u00f3s Rosales,<\/strong> record\u00f3 la importancia de iniciar, completar o finalizar los esquemas de vacunaci\u00f3n. \u201cContinuamos llegando con Salud P\u00fablica, barrio a barrio, para concientizar a padres de familias, responsable de ni\u00f1os y mujeres embarazadas a acudir de forma masiva para aplicarse los biol\u00f3gicos. Queremos en esta primera Jornada Nacional de Vacunaci\u00f3n del a\u00f1o, prevenir enfermedades en nuestra poblaci\u00f3n. Invitamos a todos a participar\u201d, expres\u00f3 el mandatario.<\/p>\n<p>La apertura de la actividad ser\u00e1 a las 8:00 de la ma\u00f1ana, en el Parque de Los Fundadores (calle 50 con carrera 18). Simult\u00e1neamente se habilitar\u00e1n los centros de salud del <strong>Hospital Materno Infantil de Soledad; cl\u00ednicas de la Polic\u00eda, Adela de Char y Los Almendros; Sanitas calle 30, Sura calle 30, Nueva EPS del C.C Plaza del Sol, Viva 1A Moras, Salud Total del centro Comercial Carnaval y calle 30. IPS P\u00e9rez Radi\u00f3logo asociados de la calle 18 con carrera 26.<\/strong><\/p>\n","protected":false},"excerpt":{"rendered":"<p>A la primera Jornada Nacional de Vacunaci\u00f3n que se realizar\u00e1 este s\u00e1bado 28 de enero y cuyo lema es \u201cPong\u00e1monos al d\u00eda\u201d, podr\u00e1n acceder menores de 5 a\u00f1os, quienes recibir\u00e1n las vacunas iniciando, continuando o terminando esquema para inmunizarlos contra: polio, pentavalente, neumococo, triple viral, hepatitis A, varicela, fiebre amarilla y DPT. De igual forma, las mujeres embarazadas podr\u00e1n vacunarse contra el Covid 19, influenza y DPT acelular. Ni\u00f1as entre los 9 y 17 a\u00f1os, VPH.<\/p>\n","protected":false},"author":1,"featured_media":13002,"comment_status":"open","ping_status":"open","sticky":false,"template":"","format":"standard","meta":{"footnotes":""},"categories":[2,4,6,268,2861],"tags":[8663,131,1313,8667,8665,8669,8661,8660,8668,38,3189,8664,3187,1848,8662,3192,8666,8670],"class_list":["post-13001","post","type-post","status-publish","format-standard","has-post-thumbnail","hentry","category-locales","category-pais","category-region","category-salud","category-vacunacion","tag-pongamonos-al-dia","tag-alcalde-de-soledad","tag-ese-hospital-materno-infantil-de-soledad","tag-fiebre-amarilla-y-dpt-de-igual-forma","tag-hepatitis-a","tag-influenza-y-dpt-acelular-ninas-entre-los-9-y-17-anos","tag-ips-publicas-y-privadas","tag-jornada-nacional-de-vacunacion-2023","tag-las-mujeres-embarazadas-podran-vacunarse-contra-el-covid-19","tag-municipio-de-soledad","tag-neumococo","tag-pentavalente","tag-polio","tag-rodolfo-ucros-rosales","tag-sabado-28-de-enero-2023","tag-triple-viral","tag-varicela","tag-vph"],"_links":{"self":[{"href":"https:\/\/contrastes.com.co\/digital\/wp-json\/wp\/v2\/posts\/13001","targetHints":{"allow":["GET"]}}],"collection":[{"href":"https:\/\/contrastes.com.co\/digital\/wp-json\/wp\/v2\/posts"}],"about":[{"href":"https:\/\/contrastes.com.co\/digital\/wp-json\/wp\/v2\/types\/post"}],"author":[{"embeddable":true,"href":"https:\/\/contrastes.com.co\/digital\/wp-json\/wp\/v2\/users\/1"}],"replies":[{"embeddable":true,"href":"https:\/\/contrastes.com.co\/digital\/wp-json\/wp\/v2\/comments?post=13001"}],"version-history":[{"count":1,"href":"https:\/\/contrastes.com.co\/digital\/wp-json\/wp\/v2\/posts\/13001\/revisions"}],"predecessor-version":[{"id":13003,"href":"https:\/\/contrastes.com.co\/digital\/wp-json\/wp\/v2\/posts\/13001\/revisions\/13003"}],"wp:featuredmedia":[{"embeddable":true,"href":"https:\/\/contrastes.com.co\/digital\/wp-json\/wp\/v2\/media\/13002"}],"wp:attachment":[{"href":"https:\/\/contrastes.com.co\/digital\/wp-json\/wp\/v2\/media?parent=13001"}],"wp:term":[{"taxonomy":"category","embeddable":true,"href":"https:\/\/contrastes.com.co\/digital\/wp-json\/wp\/v2\/categories?post=13001"},{"taxonomy":"post_tag","embeddable":true,"href":"https:\/\/contrastes.com.co\/digital\/wp-json\/wp\/v2\/tags?post=13001"}],"curies":[{"name":"wp","href":"https:\/\/api.w.org\/{rel}","templated":true}]}}