{"id":13004,"date":"2023-01-27T12:34:39","date_gmt":"2023-01-27T17:34:39","guid":{"rendered":"https:\/\/contrastes.com.co\/digital\/?p=13004"},"modified":"2023-01-27T12:41:28","modified_gmt":"2023-01-27T17:41:28","slug":"hospital-materno-infantil-listo-para-la-primera-jornada-nacional-de-vacunacion","status":"publish","type":"post","link":"https:\/\/contrastes.com.co\/digital\/hospital-materno-infantil-listo-para-la-primera-jornada-nacional-de-vacunacion\/","title":{"rendered":"Hospital Materno Infantil listo para la Primera Jornada Nacional de Vacunaci\u00f3n"},"content":{"rendered":"<p><strong>*Hospital Materno Infantil listo para la Primera Jornada Nacional de Vacunaci\u00f3n<\/strong><\/p>\n<blockquote><p><strong>La Alcald\u00eda de Soledad a trav\u00e9s de la Secretar\u00eda de Salud Municipal y El Hospital Materno Infantil, tienen previsto aplicar en esta primera jornada, m\u00e1s de 3 mil biol\u00f3gicos en todo el municipio de Soledad, a la poblaci\u00f3n conformada por ni\u00f1as, ni\u00f1os, adolescentes, mujeres embarazadas y adultos mayores.<\/strong><\/p><\/blockquote>\n<p><img loading=\"lazy\" decoding=\"async\" class=\"alignleft wp-image-8518\" src=\"https:\/\/contrastes.com.co\/digital\/wp-content\/uploads\/2022\/03\/c-capitular.png\" alt=\"c capitular\" width=\"78\" height=\"78\" srcset=\"https:\/\/contrastes.com.co\/digital\/wp-content\/uploads\/2022\/03\/c-capitular.png 150w, https:\/\/contrastes.com.co\/digital\/wp-content\/uploads\/2022\/03\/c-capitular-60x60.png 60w\" sizes=\"auto, (max-width: 78px) 100vw, 78px\" \/>on el lema <strong>\u201cD\u00eda de Ponerse al D\u00eda\u201d<\/strong>, el <strong>municipio de Soledad<\/strong> se vincula a la <strong>Primera Jornada Nacional de Vacunaci\u00f3n<\/strong> a realizarse este <strong>s\u00e1bado 28 de enero de desde las 8 de la ma\u00f1ana<\/strong>, con apertura en el <strong>parque del barrio Los Fundadores,<\/strong> ubicado en la calle 50 con carrera 18, dando cumplimiento con los lineamientos emanados por el <strong>Ministerio de Salud y la Protecci\u00f3n Social.<\/strong><\/p>\n<p><iframe loading=\"lazy\" title=\"Hospital Materno Infantil listo para la Primera Jornada Nacional de Vacunaci\u00f3n\" width=\"640\" height=\"360\" src=\"https:\/\/www.youtube.com\/embed\/Fy33zK-xRYw?feature=oembed\" frameborder=\"0\" allow=\"accelerometer; autoplay; clipboard-write; encrypted-media; gyroscope; picture-in-picture; web-share\" referrerpolicy=\"strict-origin-when-cross-origin\" allowfullscreen><\/iframe><\/p>\n<p>La<strong> Alcald\u00eda de Soledad<\/strong> a trav\u00e9s de la <strong>Secretar\u00eda de Salud Municipal<\/strong> y El <strong>Hospital Materno Infantil,<\/strong> tienen previsto aplicar en esta primera jornada, m\u00e1s de 3 mil biol\u00f3gicos en todo el municipio de Soledad, a la poblaci\u00f3n conformada por ni\u00f1as, ni\u00f1os, adolescentes, mujeres embarazadas y adultos mayores, los cuales deben presentar el carnet de esquema regular de vacunaci\u00f3n para acceder gratis y sin barreras a esta jornada por la vida.<\/p>\n<p>De igual manera, se aplicar\u00e1n vacunas contra la Covid-19, para completar esquemas en todas las edades y as\u00ed, continuar con la ampliaci\u00f3n de la cobertura en toda la poblaci\u00f3n. \u201cInvitamos de manera especial a toda la ciudadan\u00eda a asistir a esta importante cita con la vida e inmunizar a m\u00e1s familias solede\u00f1as, para contar con una poblaci\u00f3n sana y no susceptibles a enfermedades y virus\u201d, expres\u00f3, Rodolfo Ucr\u00f3s Rosales, alcalde de Soledad.<\/p>\n<p>En esta primera Jornada se aplicar\u00e1n los biol\u00f3gicos de Polio, Pentavalente, Rotavirus y Neumococo, para los menores de un a\u00f1o de edad, triple viral, varicela, hepatitis A y neumococo, para los ni\u00f1os de un a\u00f1o. En lo que hace referencia a los menores de 18 meses de nacido, recibir\u00e1n pentavalente, polio y triple viral y los de cinco a\u00f1os de edad, ser\u00e1n inoculados con polio, DPT, varicela y Covid-19. Las mujeres embarazadas recibir\u00e1n las vacunas de Toxoide Difterico, DPT y Covid-19. \u201cEstamos dispuestos para recibir a toda la poblaci\u00f3n en esta primera jornada y por eso insistimos en la importancia de acudir de manera entusiasta a esta cita y hacemos el llamado extensivo a todos los padres de los menores o cuidadores para que lleven a los ni\u00f1os y puedan recibir sus vacunas\u201d, manifest\u00f3 Manuel Navarro, secretario de Salud de Soledad.<\/p>\n<p>El Hospital Materno Infantil de Soledad, tiene dispuesto ocho de sus centros de Salud, 13 de Junio, Salamanca, Costa Hermosa, El Parque, Villa Estadio, Ciudadela Metropolitana, Manuela Beltr\u00e1n y La Central, adem\u00e1s de las cl\u00ednicas e IPS privadas, para recibir a toda la poblaci\u00f3n. \u201c Estamos preparados para recibir a todos los solede\u00f1os, nuestros centros de salud del Hospital Materno Infantil se encuentran disponibles, personal de vacunadoras, log\u00edstica y todos los aspectos que encierran esta importante primera jornada, reiteramos la invitaci\u00f3n a toda la familia solede\u00f1a\u201d, indic\u00f3 <strong>Anselmo Hoyos Franco, gerente de la E.S.E. Hospital Materno Infantil de Soledad<\/strong>.<\/p>\n<p><iframe loading=\"lazy\" style=\"border: none; overflow: hidden;\" src=\"https:\/\/www.facebook.com\/plugins\/video.php?height=314&amp;href=https%3A%2F%2Fwww.facebook.com%2Fsoycontrastes%2Fvideos%2F1180629752645904%2F&amp;show_text=false&amp;width=560&amp;t=0\" width=\"560\" height=\"314\" frameborder=\"0\" scrolling=\"no\" allowfullscreen=\"allowfullscreen\"><\/iframe><\/p>\n","protected":false},"excerpt":{"rendered":"<p>Con el lema \u201cD\u00eda de Ponerse al D\u00eda\u201d, el municipio de Soledad se vincula a la Primera Jornada Nacional de Vacunaci\u00f3n a realizarse este s\u00e1bado 28 de enero de desde las 8 de la ma\u00f1ana, con apertura en el parque del barrio Los Fundadores, ubicado en la calle 50 con carrera 18, dando cumplimiento con los lineamientos emanados por el Ministerio de Salud y la Protecci\u00f3n Social.<\/p>\n","protected":false},"author":1,"featured_media":13005,"comment_status":"open","ping_status":"open","sticky":false,"template":"","format":"standard","meta":{"footnotes":""},"categories":[2,4,268,4995,2861],"tags":[35,8308,1313,3769,8665,3189,8673,8664,3187,8671,8672,349,3192,1956,8666],"class_list":["post-13004","post","type-post","status-publish","format-standard","has-post-thumbnail","hentry","category-locales","category-pais","category-salud","category-television-web","category-vacunacion","tag-alcaldia-de-soledad","tag-anselmo-hoyos-franco","tag-ese-hospital-materno-infantil-de-soledad","tag-gerente-de-la-e-s-e-hospital-materno-infantil-de-soledad","tag-hepatitis-a","tag-neumococo","tag-para-los-menores-de-un-ano-de-edad","tag-pentavalente","tag-polio","tag-primera-jornada-nacional-de-vacunacion-2023","tag-rotavirus-y-neumococo","tag-secretaria-de-salud-de-soledad","tag-triple-viral","tag-vacunas","tag-varicela"],"_links":{"self":[{"href":"https:\/\/contrastes.com.co\/digital\/wp-json\/wp\/v2\/posts\/13004","targetHints":{"allow":["GET"]}}],"collection":[{"href":"https:\/\/contrastes.com.co\/digital\/wp-json\/wp\/v2\/posts"}],"about":[{"href":"https:\/\/contrastes.com.co\/digital\/wp-json\/wp\/v2\/types\/post"}],"author":[{"embeddable":true,"href":"https:\/\/contrastes.com.co\/digital\/wp-json\/wp\/v2\/users\/1"}],"replies":[{"embeddable":true,"href":"https:\/\/contrastes.com.co\/digital\/wp-json\/wp\/v2\/comments?post=13004"}],"version-history":[{"count":3,"href":"https:\/\/contrastes.com.co\/digital\/wp-json\/wp\/v2\/posts\/13004\/revisions"}],"predecessor-version":[{"id":13008,"href":"https:\/\/contrastes.com.co\/digital\/wp-json\/wp\/v2\/posts\/13004\/revisions\/13008"}],"wp:featuredmedia":[{"embeddable":true,"href":"https:\/\/contrastes.com.co\/digital\/wp-json\/wp\/v2\/media\/13005"}],"wp:attachment":[{"href":"https:\/\/contrastes.com.co\/digital\/wp-json\/wp\/v2\/media?parent=13004"}],"wp:term":[{"taxonomy":"category","embeddable":true,"href":"https:\/\/contrastes.com.co\/digital\/wp-json\/wp\/v2\/categories?post=13004"},{"taxonomy":"post_tag","embeddable":true,"href":"https:\/\/contrastes.com.co\/digital\/wp-json\/wp\/v2\/tags?post=13004"}],"curies":[{"name":"wp","href":"https:\/\/api.w.org\/{rel}","templated":true}]}}