{"id":13009,"date":"2023-01-27T13:34:58","date_gmt":"2023-01-27T18:34:58","guid":{"rendered":"https:\/\/contrastes.com.co\/digital\/?p=13009"},"modified":"2023-01-27T13:36:23","modified_gmt":"2023-01-27T18:36:23","slug":"posicion-neutral-del-presidente-petro-abre-la-discusion-acerca-del-papel-de-colombia-frente-a-la-otan","status":"publish","type":"post","link":"https:\/\/contrastes.com.co\/digital\/posicion-neutral-del-presidente-petro-abre-la-discusion-acerca-del-papel-de-colombia-frente-a-la-otan\/","title":{"rendered":"Posici\u00f3n neutral del presidente Petro abre la discusi\u00f3n acerca del papel de Colombia frente a la OTAN"},"content":{"rendered":"<p><strong>*Posici\u00f3n neutral del presidente Petro abre la discusi\u00f3n acerca del papel de Colombia frente a la OTAN<\/strong><\/p>\n<blockquote><p><strong>Petro le respondi\u00f3 las cr\u00edticas de Gal\u00e1n por no apoyar a Ucrania diciendo que no ayudar\u00e1 a prolongar ninguna guerra. El director del Nuevo Liberalismo se\u00f1al\u00f3 que el mandatario est\u00e1 escud\u00e1ndose en una supuesta neutralidad para tomar partido en favor del autoritarismo y los cr\u00edmenes de guerra. La posici\u00f3n del presidente Petro abre la puerta a una discusi\u00f3n acerca del papel de Colombia en la OTAN, algo que desde las elecciones presidenciales se est\u00e1n preguntando muchos colombianos<\/strong><\/p><\/blockquote>\n<p><img loading=\"lazy\" decoding=\"async\" class=\"alignleft wp-image-8657\" src=\"https:\/\/contrastes.com.co\/digital\/wp-content\/uploads\/2022\/03\/u-capitular.png\" alt=\"u capitular\" width=\"68\" height=\"68\" srcset=\"https:\/\/contrastes.com.co\/digital\/wp-content\/uploads\/2022\/03\/u-capitular.png 100w, https:\/\/contrastes.com.co\/digital\/wp-content\/uploads\/2022\/03\/u-capitular-60x60.png 60w\" sizes=\"auto, (max-width: 68px) 100vw, 68px\" \/>n nuevo rifirrafe se dio en Twitter entre el <strong>presidente Gustavo Petro<\/strong> y el <strong>director del Nuevo Liberalismo, Juan Manuel Gal\u00e1n,<\/strong> ante la <strong>negativa del mandatario de no enviar armas a Ucrania para que se defienda en la guerra contra Rusia<\/strong>. Petro asegur\u00f3 que: \u00ablo mejor que le puede pasar a la humanidad es la paz entre Ucrania y Rusia, y no la prolongaci\u00f3n de la guerra. Yo no ayudar\u00e9 a prolongar ninguna guerra. En cambio pido que se eleve a delito internacional la agresi\u00f3n de un pa\u00eds a otro, sea el que sea. Ni invasiones ni bloqueos\u00bb.<\/p>\n<p><a href=\"https:\/\/twitter.com\/petrogustavo\/status\/1618958766250299394\">https:\/\/twitter.com\/petrogustavo\/status\/1618958766250299394<\/a><\/p>\n<p>Una respuesta que dio el presidente a las cr\u00edticas del director del Nuevo Liberalismo, Juan Manuel Gal\u00e1n, quien critic\u00f3 la decisi\u00f3n del mandatario de no apoyar a Ucrania.<\/p>\n<p><strong>\u00abNo apoyar a Ucrania\u00bb<\/strong><\/p>\n<p>\u00abGustavo Petro en su heroica defensa de las libertades democr\u00e1ticas, escud\u00e1ndose en una supuesta \u201cneutralidad\u201d, es tomar partido en favor del autoritarismo, la tiran\u00eda, la autocracia, los cr\u00edmenes de guerra, las violaciones a los DDHH y la corrupci\u00f3n\u00bb, dijo Gal\u00e1n.<\/p>\n<p><a href=\"https:\/\/twitter.com\/juanmanuelgalan\/status\/1618775029180923904\">https:\/\/twitter.com\/juanmanuelgalan\/status\/1618775029180923904<\/a><\/p>\n<p>Hay que recordar que el mandatario de Colombia inform\u00f3 que Estados Unidos le hab\u00eda solicitado enviar armas a Ucrania para la guerra contra Rusia, pero Petro se neg\u00f3 debido a una orden constitucional.<\/p>\n<h3>\u00bfColombia es parte o no de la OTAN? \u00bfEst\u00e1 obligada a apoyar a la OTAN?<\/h3>\n<p>Dicho todo esto resta examinar un tema que no est\u00e1 muy claro para los colombianos: \u00bfEs Colombia parte de la OTAN? y de ser as\u00ed \u00bfEst\u00e1 Colombia obligada por el art\u00edculo N\u00b0 5 de esa alianza a participar en la defensa de Ucrania dados los compromisos de la organizaci\u00f3n con ese pa\u00eds?<\/p>\n<h3><strong>Los acuerdos OTAN<\/strong><\/h3>\n<p>Es importante reiterar que Colombia no es un miembro pleno en la Alianza; su estatus es de \u00absocio global\u00bb. Los miembros de la <strong>Organizaci\u00f3n del Tratado del Atl\u00e1ntico Norte<\/strong> est\u00e1n obligados por el pilar de defensa colectiva. El <strong>famoso Art\u00edculo No. 5<\/strong> interpreta un ataque a uno de los miembros como una agresi\u00f3n en contra de todos, que debe ser respondido por todos. Contrario a lo que algunos aducen en redes sociales, Colombia no est\u00e1 obligada por esta cl\u00e1usula. Ning\u00fan pa\u00eds est\u00e1 obligado a apoyarnos en caso de guerra, as\u00ed como Colombia no est\u00e1 obligada a defender a sus miembros.<\/p>\n<p>Pero la OTAN no es solo un mecanismo de defensa colectiva; ese es apenas uno de sus pilares. Ante todo, la Organizaci\u00f3n es una alianza pol\u00edtica de estados que ensalzan los valores democr\u00e1ticos y un orden global basado en reglas. Los otros dos pilares incluyen la seguridad cooperativa y el manejo de crisis. Por ello, m\u00e1s all\u00e1 de la guerra, el \u00e1mbito tem\u00e1tico de la OTAN ofrece un amplio abanico que le permite a Colombia oportunidades de aprendizaje y de contribuci\u00f3n.<\/p>\n<p>El proceso con la Alianza no surgi\u00f3 en el gobierno de Iv\u00e1n Duque, ni es exclusivo de alguna l\u00ednea ideol\u00f3gica reciente en la Casa de Nari\u00f1o. En 2013 se firm\u00f3 un primer Acuerdo para la Seguridad de la Informaci\u00f3n Clasificada y la Cooperaci\u00f3n. Fue un acuerdo limitado a garantizar protocolos de seguridad de la informaci\u00f3n que intercambiaban la OTAN y Colombia, pero que en \u00faltimas termina siendo una piedra angular para el crecimiento de la relaci\u00f3n.<\/p>\n<p>En 2017 se firma un Programa de Asociaci\u00f3n y Cooperaci\u00f3n individual (IPCP), que va a ser renovado en 2019, con una agenda de cooperaci\u00f3n mucho m\u00e1s ambiciosa: consultas pol\u00edticas, cooperaci\u00f3n en seguridad mundial y fortalecimiento de la paz, ciberseguridad, seguridad mar\u00edtima, operaciones contra el terrorismo, g\u00e9nero y desminado humanitario. Por medio de este acuerdo Colombia se convierte en socio global de la OTAN, categor\u00eda a la que pertenecen solo ocho estados en todo el mundo: Afganist\u00e1n (antes del regreso del Talib\u00e1n), Australia, Irak, Jap\u00f3n, Corea del Sur, Mongolia, Nueva Zelanda y Paquist\u00e1n.<\/p>\n<p>La relaci\u00f3n dio un paso m\u00e1s en 2021 con la firma de un Programa Personalizado de Asociaci\u00f3n (Individually Tailored Partnership Program \u2013 Itpp). Es el primer acuerdo en su tipo creado a la medida para la relaci\u00f3n con uno de los socios globales, constituy\u00e9ndose como modelo para las relaciones con otros pa\u00edses. Este Programa va al detalle de c\u00f3mo se ejecuta y se eval\u00faa el seguimiento de cada una de las actividades de la agenda, y profundiza los asuntos de cooperaci\u00f3n, por medio de once objetivos: di\u00e1logo y consultas, contraterrorismo, gesti\u00f3n de emergencias, educaci\u00f3n y entrenamiento, construcci\u00f3n de integridad y transparencia, desarrollo de capacidades, interoperabilidad militar, idiomas, diplomacia p\u00fablica, ciberdefensa y cambio clim\u00e1tico y seguridad.<\/p>\n<h3>\u00bfEn qu\u00e9 gana Colombia?<\/h3>\n<p>Colombia obtiene grandes ganancias por medio de esta agenda de cooperaci\u00f3n. La realidad interna de nuestro conflicto nos llev\u00f3 a concentrarnos en operaciones contra la insurgencia y el crimen organizado, pero dejando relativamente de lado la participaci\u00f3n en operaciones convencionales e internacionales. La agenda de cooperaci\u00f3n ha llevado a un proceso de reforma estructural y de estandarizaci\u00f3n de nuestras Fuerzas Militares, que le permiten, entre otras, interactuar con los pa\u00edses miembros. No se puede ignorar que compartir espacios con las grandes potencias militares nos puede permitir grandes aprendizajes operacionales, y esto se hace real a trav\u00e9s de la participaci\u00f3n en centros de entrenamiento. Adem\u00e1s, el inter\u00e9s de participar en misiones internacionales y de paz exige solidificar las capacidades de interoperabilidad.<\/p>\n<p>La agenda tambi\u00e9n permite avances en muchos campos. La corrupci\u00f3n ha sido una preocupaci\u00f3n constante en el sector defensa, y el componente de construcci\u00f3n de integridad de la OTAN ser\u00e1, de forma progresiva, un instrumento para aumentar la transparencia en los procesos organizacionales. Quienes m\u00e1s se preocupan por el cumplimiento de derechos humanos, por ejemplo, deber\u00edan apoyar con m\u00e1s fuerza este proceso. No es irrelevante, tampoco, el esfuerzo de biling\u00fcismo que se est\u00e1 realizando al interior de las Fuerzas, especialmente motivado por la interoperabilidad.<\/p>\n<p>El ciberespacio es una de las dimensiones clave de la seguridad y la defensa actual. Colombia est\u00e1 lejos de ser un pa\u00eds de punta en esta materia, y es relativamente vulnerable frente a otros estados con mayores capacidades. La cooperaci\u00f3n con pa\u00edses de la OTAN puede ayudar a resolver este vac\u00edo. No es esto diferente en materia de cooperaci\u00f3n cient\u00edfica y tecnol\u00f3gica.<\/p>\n<p>Por otro lado, los asuntos ambientales son cada vez m\u00e1s relevantes en la seguridad e incluso la defensa. Colombia, hace poco, incluy\u00f3 las amenazas ambientales como asunto de seguridad nacional. En el marco de la alianza con la OTAN habr\u00e1 mucho para aprender en esta materia, y seguramente mucho para compartir. Tampoco se puede dejar de lado la agenda de g\u00e9nero en las instituciones de seguridad. Cumplir est\u00e1ndares de la Alianza Atl\u00e1ntica seguramente obligar\u00e1 a Colombia a mejorar sus condiciones en \u00e9ste y en todos los aspectos incluidos en el Programa.<\/p>\n<p>Pero para Colombia esta alianza no es solo un instrumento de recepci\u00f3n de cooperaci\u00f3n. Su capacidad de ofrecer conocimientos la convierte en un medio para su posicionamiento a nivel global. La experiencia colombiana en materia de guerra irregular, desminado militar y humanitario, fuerzas especiales, combate al terrorismo y combate al crimen organizado puede ser ofrecida no solo a los treinta pa\u00edses de la OTAN, sino a su red de aliados en diferentes continentes. Adem\u00e1s de los socios globales ya mencionados, la OTAN tiene el Di\u00e1logo Mediterr\u00e1neo con siete pa\u00edses de esta cuenca, y la Iniciativa de Cooperaci\u00f3n de Estambul con cinco pa\u00edses del Golfo P\u00e9rsico.<\/p>\n<p>No sobra recalcar que siendo una alianza de pa\u00edses democr\u00e1ticos que procura un orden internacional basado en reglas, el acuerdo le permite a Colombia tener un espacio en este foro de di\u00e1logo pol\u00edtico sobre los grandes asuntos del orden y la seguridad global. Esto no es nada despreciable.<\/p>\n<p>El presidente Petro podr\u00eda cometer un gran error si desecha o frena el proceso de Colombia con la OTAN debido a que las ventajas son de gran beneficio para el inter\u00e9s nacional.<\/p>\n<p>Este a\u00f1o, Estados Unidos declar\u00f3 a Colombia como aliado mayor extra-OTAN, y esto gener\u00f3 alguna confusi\u00f3n. Esta es una designaci\u00f3n unilateral determinada por Estados Unidos frente a sus socios m\u00e1s cercanos que no son miembros de la OTAN. Es completamente independiente del proceso de Colombia con la OTAN y fortalece la relaci\u00f3n bilateral con Estados Unidos.<\/p>\n<p>Cabe hacerse un par de preguntas relacionadas con las repercusiones que podr\u00eda tener la posici\u00f3n del presidente Petro en la relaci\u00f3n bilateral entre los Estados Unidos y Colombia, al tiempo en el que\u00a0 la posici\u00f3n del presidente Petro en cuanto a no enviar armas a Ucrania y qu\u00e9 hay tras la petici\u00f3n \u00abque se eleve a delito internacional la agresi\u00f3n de un pa\u00eds a otro\u00bb: Podr\u00edamos deducir que esa frase lo aleja de Rusia por su agresi\u00f3n a Ucrania, pero al tiempo podr\u00eda ser una denodada advertencia a los Estados Unidos y a la OTAN en caso de una escalada en el conflicto.<\/p>\n","protected":false},"excerpt":{"rendered":"<p>Petro le respondi\u00f3 las cr\u00edticas de Gal\u00e1n por no apoyar a Ucrania diciendo que no ayudar\u00e1 a prolongar ninguna guerra. El director del Nuevo Liberalismo se\u00f1al\u00f3 que el mandatario est\u00e1 escud\u00e1ndose en una supuesta neutralidad para tomar partido en favor del autoritarismo y los cr\u00edmenes de guerra. La posici\u00f3n del presidente Petro abre la puerta a una discusi\u00f3n acerca del papel de Colombia en la OTAN, algo que desde las elecciones presidenciales se est\u00e1n preguntando muchos colombianos<\/p>\n","protected":false},"author":1,"featured_media":13012,"comment_status":"open","ping_status":"open","sticky":false,"template":"","format":"standard","meta":{"footnotes":""},"categories":[85,11,4],"tags":[8676,8674,4845,8675,6599],"class_list":["post-13009","post","type-post","status-publish","format-standard","has-post-thumbnail","hentry","category-analisis","category-mundo","category-pais","tag-director-del-nuevo-liberalismo","tag-guerra-ucrania","tag-juan-manuel-galan","tag-otan","tag-presidente-gustavo-petro"],"_links":{"self":[{"href":"https:\/\/contrastes.com.co\/digital\/wp-json\/wp\/v2\/posts\/13009","targetHints":{"allow":["GET"]}}],"collection":[{"href":"https:\/\/contrastes.com.co\/digital\/wp-json\/wp\/v2\/posts"}],"about":[{"href":"https:\/\/contrastes.com.co\/digital\/wp-json\/wp\/v2\/types\/post"}],"author":[{"embeddable":true,"href":"https:\/\/contrastes.com.co\/digital\/wp-json\/wp\/v2\/users\/1"}],"replies":[{"embeddable":true,"href":"https:\/\/contrastes.com.co\/digital\/wp-json\/wp\/v2\/comments?post=13009"}],"version-history":[{"count":3,"href":"https:\/\/contrastes.com.co\/digital\/wp-json\/wp\/v2\/posts\/13009\/revisions"}],"predecessor-version":[{"id":13015,"href":"https:\/\/contrastes.com.co\/digital\/wp-json\/wp\/v2\/posts\/13009\/revisions\/13015"}],"wp:featuredmedia":[{"embeddable":true,"href":"https:\/\/contrastes.com.co\/digital\/wp-json\/wp\/v2\/media\/13012"}],"wp:attachment":[{"href":"https:\/\/contrastes.com.co\/digital\/wp-json\/wp\/v2\/media?parent=13009"}],"wp:term":[{"taxonomy":"category","embeddable":true,"href":"https:\/\/contrastes.com.co\/digital\/wp-json\/wp\/v2\/categories?post=13009"},{"taxonomy":"post_tag","embeddable":true,"href":"https:\/\/contrastes.com.co\/digital\/wp-json\/wp\/v2\/tags?post=13009"}],"curies":[{"name":"wp","href":"https:\/\/api.w.org\/{rel}","templated":true}]}}