{"id":13016,"date":"2023-01-27T14:20:42","date_gmt":"2023-01-27T19:20:42","guid":{"rendered":"https:\/\/contrastes.com.co\/digital\/?p=13016"},"modified":"2023-01-27T14:20:42","modified_gmt":"2023-01-27T19:20:42","slug":"lectura-del-bando-y-coronacion-de-ashly-fadul-reina-del-carnaval-de-soledad-2023-sera-este-sabado-en-la-plaza-central","status":"publish","type":"post","link":"https:\/\/contrastes.com.co\/digital\/lectura-del-bando-y-coronacion-de-ashly-fadul-reina-del-carnaval-de-soledad-2023-sera-este-sabado-en-la-plaza-central\/","title":{"rendered":"Lectura del Bando y Coronaci\u00f3n de Ashly Fadul, Reina del Carnaval de Soledad 2023, ser\u00e1 este s\u00e1bado en la Plaza Central"},"content":{"rendered":"<p><strong>*Lectura del Bando y Coronaci\u00f3n de Ashly Fadul, Reina del Carnaval de Soledad 2023, ser\u00e1 este s\u00e1bado en la Plaza Central<\/strong><\/p>\n<blockquote><p><strong>La n\u00f3mina de artistas para este espect\u00e1culo la integran Rikarena, Mr. Black y Churo D\u00edaz.<\/strong><\/p><\/blockquote>\n<p><img loading=\"lazy\" decoding=\"async\" class=\"alignleft wp-image-8529\" src=\"https:\/\/contrastes.com.co\/digital\/wp-content\/uploads\/2022\/03\/e-capitular.png\" alt=\"e capitular\" width=\"64\" height=\"64\" srcset=\"https:\/\/contrastes.com.co\/digital\/wp-content\/uploads\/2022\/03\/e-capitular.png 150w, https:\/\/contrastes.com.co\/digital\/wp-content\/uploads\/2022\/03\/e-capitular-60x60.png 60w\" sizes=\"auto, (max-width: 64px) 100vw, 64px\" \/>ste s\u00e1bado 28 de enero contin\u00faa la <strong>agenda carnavalera en el municipio de Soledad<\/strong> con el show de <strong>Lectura del Bando y Coronaci\u00f3n de sus Reyes, Ashly Fadul Jim\u00e9nez y Alfonso Freile Bovea<\/strong>. El espect\u00e1culo dar\u00e1 inicio a las<strong> 7 de la noche en la Plaza Central, con m\u00e1s de 170 artistas y 16 grupos folcl\u00f3ricos, dirigido por Kellwing Cantillo<\/strong>.<\/p>\n<p>De esta manera, su majestad Ashly Fadul ordenar\u00e1, dispondr\u00e1 y mandar\u00e1 a los solede\u00f1os para que gocen una fiesta con alegr\u00eda y en paz.<\/p>\n<p>El p\u00fablico podr\u00e1 disfrutar de todo un espect\u00e1culo art\u00edstico musical donde apreciar\u00e1 en todo su esplendor las dotes danc\u00edstica de la reina Ashly en medio de un montaje coreogr\u00e1fico inolvidable, para luego sumarse al baile con la agrupaci\u00f3n merenguera<strong> Rikarena,<\/strong> quienes entonar\u00e1n grandes \u00e9xitos como &#8216;No puedo olvidarla&#8217;, &#8216;El amor que so\u00f1\u00e9&#8217;, &#8216;Cuando el amor se da\u00f1a&#8217;, entre otros. El escenario tambi\u00e9n se llenar\u00e1 de alegr\u00eda con la champeta de <strong>Mr. Black y el vallenato de Churo D\u00edaz.<\/strong><\/p>\n<p>Toda una programaci\u00f3n digna del entusiasmo y el sabor de Soledad y su gente.<\/p>\n<hr \/>\n<hr \/>\n","protected":false},"excerpt":{"rendered":"<p>Este s\u00e1bado 28 de enero contin\u00faa la agenda carnavalera en el municipio de Soledad con el show de Lectura del Bando y Coronaci\u00f3n de sus Reyes, Ashly Fadul Jim\u00e9nez y Alfonso Freile Bovea. El espect\u00e1culo dar\u00e1 inicio a las 7 de la noche en la Plaza Central, con m\u00e1s de 170 artistas y 16 grupos folcl\u00f3ricos, dirigido por Kellwing Cantillo.<\/p>\n","protected":false},"author":1,"featured_media":13017,"comment_status":"open","ping_status":"open","sticky":false,"template":"","format":"standard","meta":{"footnotes":""},"categories":[1769,64,2148,2,2047],"tags":[8677,35,8684,8451,4777,8592,8683,8682,8679,8685,8678,4280,8681,38,4298,8680,398,3493],"class_list":["post-13016","post","type-post","status-publish","format-standard","has-post-thumbnail","hentry","category-carnaval","category-cultura","category-eventos","category-locales","category-musica","tag-agenda-carnavalera","tag-alcaldia-de-soledad","tag-alfonso-freile-bovea","tag-ashly-fadul","tag-ashly-fadul-jimenez","tag-carnaval-de-soledad-2023","tag-champeta","tag-churo-diaz","tag-coronacion-de-la-reina-del-carnaval","tag-kellwing-cantillo","tag-lectura-del-bando","tag-merengue","tag-mr-black","tag-municipio-de-soledad","tag-plaza-principal-de-soledad","tag-rikarena","tag-secretaria-de-cultura-de-soledad","tag-vallenato"],"_links":{"self":[{"href":"https:\/\/contrastes.com.co\/digital\/wp-json\/wp\/v2\/posts\/13016","targetHints":{"allow":["GET"]}}],"collection":[{"href":"https:\/\/contrastes.com.co\/digital\/wp-json\/wp\/v2\/posts"}],"about":[{"href":"https:\/\/contrastes.com.co\/digital\/wp-json\/wp\/v2\/types\/post"}],"author":[{"embeddable":true,"href":"https:\/\/contrastes.com.co\/digital\/wp-json\/wp\/v2\/users\/1"}],"replies":[{"embeddable":true,"href":"https:\/\/contrastes.com.co\/digital\/wp-json\/wp\/v2\/comments?post=13016"}],"version-history":[{"count":1,"href":"https:\/\/contrastes.com.co\/digital\/wp-json\/wp\/v2\/posts\/13016\/revisions"}],"predecessor-version":[{"id":13018,"href":"https:\/\/contrastes.com.co\/digital\/wp-json\/wp\/v2\/posts\/13016\/revisions\/13018"}],"wp:featuredmedia":[{"embeddable":true,"href":"https:\/\/contrastes.com.co\/digital\/wp-json\/wp\/v2\/media\/13017"}],"wp:attachment":[{"href":"https:\/\/contrastes.com.co\/digital\/wp-json\/wp\/v2\/media?parent=13016"}],"wp:term":[{"taxonomy":"category","embeddable":true,"href":"https:\/\/contrastes.com.co\/digital\/wp-json\/wp\/v2\/categories?post=13016"},{"taxonomy":"post_tag","embeddable":true,"href":"https:\/\/contrastes.com.co\/digital\/wp-json\/wp\/v2\/tags?post=13016"}],"curies":[{"name":"wp","href":"https:\/\/api.w.org\/{rel}","templated":true}]}}