{"id":1308,"date":"2020-06-08T06:54:31","date_gmt":"2020-06-08T11:54:31","guid":{"rendered":"https:\/\/contrastes.com.co\/digital\/?p=1308"},"modified":"2020-06-08T07:27:34","modified_gmt":"2020-06-08T12:27:34","slug":"soledenos-acogen-con-entusiasmo-campana-de-autocuidado-sobre-covid-19-en-transporte","status":"publish","type":"post","link":"https:\/\/contrastes.com.co\/digital\/soledenos-acogen-con-entusiasmo-campana-de-autocuidado-sobre-covid-19-en-transporte\/","title":{"rendered":"Contin\u00faa campa\u00f1a de autocuidado sobre Covid-19 en transporte"},"content":{"rendered":"<blockquote><p><strong>En los paraderos de buses, al interior del servicio p\u00fablico colectivo y en los taxis, los solede\u00f1os le colocaron el freno a este virus. De acuerdo a las estad\u00edsticas, hoy no se registraron sanciones a conductores ni pasajeros.<\/strong><\/p><\/blockquote>\n<p><img loading=\"lazy\" decoding=\"async\" class=\"alignleft  wp-image-584\" src=\"https:\/\/contrastes.com.co\/digital\/wp-content\/uploads\/2020\/04\/l-capitular.png\" alt=\"l capitular\" width=\"72\" height=\"72\" srcset=\"https:\/\/contrastes.com.co\/digital\/wp-content\/uploads\/2020\/04\/l-capitular.png 100w, https:\/\/contrastes.com.co\/digital\/wp-content\/uploads\/2020\/04\/l-capitular-60x60.png 60w\" sizes=\"auto, (max-width: 72px) 100vw, 72px\" \/>os habitantes del municipio de Soledad acogieron de manera satisfactoria la campa\u00f1a pedag\u00f3gica \u2018Ponle freno al Covid-19\u2019 que lidera el Instituto Municipal de Tr\u00e1nsito y que busca crear conciencia de la importancia de cumplir con las medidas de autocuidado en el transporte p\u00fablico.<\/p>\n<p>En los paraderos de buses, al interior del servicio p\u00fablico colectivo y en los taxis, los solede\u00f1os le colocaron el freno a este virus. De acuerdo a las estad\u00edsticas, hoy no se registraron sanciones a conductores ni pasajeros.<\/p>\n<p>\u201cHemos detectado en nuestros puestos de control, con nuestros agentes de tr\u00e1nsito, que el solede\u00f1o est\u00e1 acatando las normas de nuestra campa\u00f1a &#8216;Ponle freno al Covid-19&#8217;, en el que hemos observado que en nuestro transporte urbano, los pasajeros portan tapabocas, usan los elementos de bioseguridad y guardan el distanciamiento f\u00edsico. Queremos un solede\u00f1o sano, lo hacemos por ti\u201d, expres\u00f3 Jorge Mar\u00eda, Jefe Operativo del Instituto de Tr\u00e1nsito de Soledad.<\/p>\n<p><iframe loading=\"lazy\" title=\"Campa\u00f1a de autocuidado sobre  Covid-19 en Soledad\" width=\"640\" height=\"360\" src=\"https:\/\/www.youtube.com\/embed\/jRmlvwdhL5o?feature=oembed\" frameborder=\"0\" allow=\"accelerometer; autoplay; clipboard-write; encrypted-media; gyroscope; picture-in-picture; web-share\" referrerpolicy=\"strict-origin-when-cross-origin\" allowfullscreen><\/iframe><\/p>\n<p>Los usuarios del transporte p\u00fablico aplaudieron la campa\u00f1a y mostraron su compromiso para evitar que el Covid-19 siga afectando la vida de los habitantes de la poblaci\u00f3n.<\/p>\n<p>\u201cLa campa\u00f1a que est\u00e1 realizando el Tr\u00e1nsito de Soledad me parece muy buena para concientizar a la gente de que debe tomar el distanciamiento social y prevenir el coronavirus\u201d, asegur\u00f3 Joseff Calder\u00f3n.<\/p>\n<p>La medida de distanciamiento f\u00edsico, el correcto uso de tapabocas y lavado de manos son necesarios para salvaguardar la vida de los habitantes del municipio, ya que reduce el riesgo de contagio. Es por eso, que a trav\u00e9s de los puestos de control ubicados de forma simult\u00e1nea en diferentes sectores del municipio, los agentes de tr\u00e1nsito no bajan la guardia y contin\u00faan con esta din\u00e1mica de prevenci\u00f3n, que busca adem\u00e1s, fortalecer las actividades realizadas por el Alcalde Rodolfo Ucr\u00f3s Rosales, quien continua trabajando de manera articulada con el Gobierno Nacional, para proteger la vida de los solede\u00f1os.<\/p>\n<div id='gallery-1' class='gallery galleryid-1308 gallery-columns-3 gallery-size-thumbnail'><figure class='gallery-item'>\n\t\t\t<div class='gallery-icon landscape'>\n\t\t\t\t<a href='https:\/\/contrastes.com.co\/digital\/soledenos-acogen-con-entusiasmo-campana-de-autocuidado-sobre-covid-19-en-transporte\/transito-3\/'><img loading=\"lazy\" decoding=\"async\" width=\"150\" height=\"150\" src=\"https:\/\/contrastes.com.co\/digital\/wp-content\/uploads\/2020\/06\/transito-3-150x150.jpg\" class=\"attachment-thumbnail size-thumbnail\" alt=\"\" aria-describedby=\"gallery-1-1312\" srcset=\"https:\/\/contrastes.com.co\/digital\/wp-content\/uploads\/2020\/06\/transito-3-150x150.jpg 150w, https:\/\/contrastes.com.co\/digital\/wp-content\/uploads\/2020\/06\/transito-3-60x60.jpg 60w\" sizes=\"auto, (max-width: 150px) 100vw, 150px\" \/><\/a>\n\t\t\t<\/div>\n\t\t\t\t<figcaption class='wp-caption-text gallery-caption' id='gallery-1-1312'>\n\t\t\t\tDistanciamiento en los paraderos\n\t\t\t\t<\/figcaption><\/figure><figure class='gallery-item'>\n\t\t\t<div class='gallery-icon landscape'>\n\t\t\t\t<a href='https:\/\/contrastes.com.co\/digital\/soledenos-acogen-con-entusiasmo-campana-de-autocuidado-sobre-covid-19-en-transporte\/transito-2\/'><img loading=\"lazy\" decoding=\"async\" width=\"150\" height=\"150\" src=\"https:\/\/contrastes.com.co\/digital\/wp-content\/uploads\/2020\/06\/transito-2-150x150.jpg\" class=\"attachment-thumbnail size-thumbnail\" alt=\"\" aria-describedby=\"gallery-1-1311\" srcset=\"https:\/\/contrastes.com.co\/digital\/wp-content\/uploads\/2020\/06\/transito-2-150x150.jpg 150w, https:\/\/contrastes.com.co\/digital\/wp-content\/uploads\/2020\/06\/transito-2-60x60.jpg 60w\" sizes=\"auto, (max-width: 150px) 100vw, 150px\" \/><\/a>\n\t\t\t<\/div>\n\t\t\t\t<figcaption class='wp-caption-text gallery-caption' id='gallery-1-1311'>\n\t\t\t\tControl en el transporte p\u00fablico\n\t\t\t\t<\/figcaption><\/figure><figure class='gallery-item'>\n\t\t\t<div class='gallery-icon landscape'>\n\t\t\t\t<a href='https:\/\/contrastes.com.co\/digital\/soledenos-acogen-con-entusiasmo-campana-de-autocuidado-sobre-covid-19-en-transporte\/transito-1\/'><img loading=\"lazy\" decoding=\"async\" width=\"150\" height=\"150\" src=\"https:\/\/contrastes.com.co\/digital\/wp-content\/uploads\/2020\/06\/transito-1-150x150.jpg\" class=\"attachment-thumbnail size-thumbnail\" alt=\"\" aria-describedby=\"gallery-1-1310\" srcset=\"https:\/\/contrastes.com.co\/digital\/wp-content\/uploads\/2020\/06\/transito-1-150x150.jpg 150w, https:\/\/contrastes.com.co\/digital\/wp-content\/uploads\/2020\/06\/transito-1-60x60.jpg 60w\" sizes=\"auto, (max-width: 150px) 100vw, 150px\" \/><\/a>\n\t\t\t<\/div>\n\t\t\t\t<figcaption class='wp-caption-text gallery-caption' id='gallery-1-1310'>\n\t\t\t\tDistanciamiento al interior de las unidades de transporte p\u00fablico\n\t\t\t\t<\/figcaption><\/figure>\n\t\t<\/div>\n\n","protected":false},"excerpt":{"rendered":"<p>En los paraderos de buses, al interior del servicio p\u00fablico colectivo y en los taxis, los solede\u00f1os le colocaron el freno a este virus. De acuerdo a las estad\u00edsticas, hoy no se registraron sanciones a conductores ni pasajeros. os habitantes del municipio de Soledad acogieron de manera satisfactoria la campa\u00f1a pedag\u00f3gica \u2018Ponle freno al Covid-19\u2019 [&hellip;]<\/p>\n","protected":false},"author":1,"featured_media":1309,"comment_status":"open","ping_status":"open","sticky":false,"template":"","format":"standard","meta":{"footnotes":""},"categories":[70,2],"tags":[492,489,38,491,490],"class_list":["post-1308","post","type-post","status-publish","format-standard","has-post-thumbnail","hentry","category-coronavirus","category-locales","tag-campana","tag-instituto-municipal-de-transito","tag-municipio-de-soledad","tag-ponle-freno-al-coronavirus","tag-sanciones"],"_links":{"self":[{"href":"https:\/\/contrastes.com.co\/digital\/wp-json\/wp\/v2\/posts\/1308","targetHints":{"allow":["GET"]}}],"collection":[{"href":"https:\/\/contrastes.com.co\/digital\/wp-json\/wp\/v2\/posts"}],"about":[{"href":"https:\/\/contrastes.com.co\/digital\/wp-json\/wp\/v2\/types\/post"}],"author":[{"embeddable":true,"href":"https:\/\/contrastes.com.co\/digital\/wp-json\/wp\/v2\/users\/1"}],"replies":[{"embeddable":true,"href":"https:\/\/contrastes.com.co\/digital\/wp-json\/wp\/v2\/comments?post=1308"}],"version-history":[{"count":2,"href":"https:\/\/contrastes.com.co\/digital\/wp-json\/wp\/v2\/posts\/1308\/revisions"}],"predecessor-version":[{"id":1325,"href":"https:\/\/contrastes.com.co\/digital\/wp-json\/wp\/v2\/posts\/1308\/revisions\/1325"}],"wp:featuredmedia":[{"embeddable":true,"href":"https:\/\/contrastes.com.co\/digital\/wp-json\/wp\/v2\/media\/1309"}],"wp:attachment":[{"href":"https:\/\/contrastes.com.co\/digital\/wp-json\/wp\/v2\/media?parent=1308"}],"wp:term":[{"taxonomy":"category","embeddable":true,"href":"https:\/\/contrastes.com.co\/digital\/wp-json\/wp\/v2\/categories?post=1308"},{"taxonomy":"post_tag","embeddable":true,"href":"https:\/\/contrastes.com.co\/digital\/wp-json\/wp\/v2\/tags?post=1308"}],"curies":[{"name":"wp","href":"https:\/\/api.w.org\/{rel}","templated":true}]}}