{"id":13102,"date":"2023-02-06T23:50:30","date_gmt":"2023-02-07T04:50:30","guid":{"rendered":"https:\/\/contrastes.com.co\/digital\/?p=13102"},"modified":"2023-02-06T23:50:30","modified_gmt":"2023-02-07T04:50:30","slug":"tres-colombianos-avanzaron-a-la-segunda-ronda-del-mundial-juvenil-de-tenis-copa-barranquilla-2","status":"publish","type":"post","link":"https:\/\/contrastes.com.co\/digital\/tres-colombianos-avanzaron-a-la-segunda-ronda-del-mundial-juvenil-de-tenis-copa-barranquilla-2\/","title":{"rendered":"Tres Colombianos avanzaron a la segunda ronda del mundial Juvenil de tenis Copa Barranquilla"},"content":{"rendered":"<blockquote><p><b>EE.UU. con 11 jugadores, es el pa\u00eds que m\u00e1s tenistas clasific\u00f3 a la segunda fase del torneo.<span class=\"Apple-converted-space\">\u00a0<\/span><\/b><\/p><\/blockquote>\n<p>Por Lester padilla Sanchez<\/p>\n<p>&nbsp;<\/p>\n<p>Los tenistas colombianos Mariapaz Ospina, Samuel Heredia y Juan Esteban Trujillo consiguieron clasificar a la segunda ronda del certamen orbital dentro de la primera jornada del Circuito Mundial Juvenil de Tenis que se realiza en esta cuidad en el Parque De Raquetas Maria Fernanda Herazo.<\/p>\n<p>La bogotana Ospina derrot\u00f3 en un marat\u00f3nico partido a la peruana Francesca Magui\u00f1a en 3 re\u00f1idos sets, 3\/6 6\/3 6\/3. El pereirano Samuel Heredia tambi\u00e9n sali\u00f3 airoso ante el ecuatoriano Miguel Larrea 6\/2 6\/4, y Juan Sebasti\u00e1n Trujillo derrot\u00f3 al peruano Luis Jos\u00e9 Nakamine con un doble 6\/4.<\/p>\n<p>Once colombianos, en su defecto, no pudieron avanzar en esta primera fase. En la jornada vespertina Miguel Tob\u00f3n gan\u00f3 el primer set 6\/3, sin embargo, perdi\u00f3 el segundo y el tercero 6\/3 y 6\/4 ante el estadounidense Cyrus Mahjoob. Alejandro Arcila tambi\u00e9n cay\u00f3 en un prolongado y disputado juego, ante el alem\u00e1n Max Schoenhaus por 4\/6 6\/3 6\/4. Tambi\u00e9n perdieron en horas de la tarde, Mateo Casta\u00f1eda ante Benjam\u00edn Torrealba de Chile 6\/1 6\/0, y Tom\u00e1s Mar\u00edn perdi\u00f3 frente a Maes Rottgering de Pa\u00edses Bajos 6\/1 6\/3.<\/p>\n<p>Para destacar a la inglesa Ellie Blackford, proveniente del cuadro de clasificaci\u00f3n, quien derrot\u00f3 a la colombiana Valentina Mediorreal en un disputado partido que se prolong\u00f3 a 3 sets, 5\/7 6\/3 6\/4.<\/p>\n<p>Mariana Higuita, tenista nacida en Sabanalarga, departamento del Atl\u00e1ntico, cay\u00f3 frente a la brit\u00e1nica Daniela Piani 6\/2 6\/0. La mexicana Lya Fern\u00e1ndez, quien jug\u00f3 en el pasado torneo profesional disputado en barranquilla en el pasado mes de noviembre, avanz\u00f3 a segunda ronda, luego de superar a la brasile\u00f1a Gabriela Felix Da Silva por 6\/4 y 6\/2.<\/p>\n<p>Este martes se jugar\u00e1 la segunda fase del cuadro principal, donde comenzar\u00e1n a competir los jugadores mejor ranqueados del torneo, tanto en femenino como en masculino.<\/p>\n<p>La programaci\u00f3n iniciar\u00e1 a las 9 de la ma\u00f1ana. La entrada a las diferentes canchas del Complejo Distrital de Raquetas en completamente gratis, y se espera por parte de la organizaci\u00f3n del torneo masivo acompa\u00f1amiento para disfrutar de un muy buen nivel de tenis juvenil.<\/p>\n","protected":false},"excerpt":{"rendered":"<p>Once colombianos, en su defecto, no pudieron avanzar en esta primera fase. En la jornada vespertina Miguel Tob\u00f3n gan\u00f3 el primer set 6\/3, sin embargo, perdi\u00f3 el segundo y el tercero 6\/3 y 6\/4 ante el estadounidense Cyrus Mahjoob. Alejandro Arcila tambi\u00e9n cay\u00f3 en un prolongado y disputado juego, ante el alem\u00e1n Max Schoenhaus por 4\/6 6\/3 6\/4. Tambi\u00e9n perdieron en horas de la tarde, Mateo Casta\u00f1eda ante Benjam\u00edn Torrealba de Chile 6\/1 6\/0, y Tom\u00e1s Mar\u00edn perdi\u00f3 frente a Maes Rottgering de Pa\u00edses Bajos 6\/1 6\/3.<\/p>\n","protected":false},"author":1,"featured_media":13101,"comment_status":"open","ping_status":"open","sticky":false,"template":"","format":"standard","meta":{"footnotes":""},"categories":[7611,8,2148,1004,11,4],"tags":[56,8736,8735,8734],"class_list":["post-13102","post","type-post","status-publish","format-standard","has-post-thumbnail","hentry","category-convivencia-y-cultura-ciudadana","category-deportes","category-eventos","category-juventud","category-mundo","category-pais","tag-barranquilla","tag-ciudad","tag-mundo","tag-tenis"],"_links":{"self":[{"href":"https:\/\/contrastes.com.co\/digital\/wp-json\/wp\/v2\/posts\/13102","targetHints":{"allow":["GET"]}}],"collection":[{"href":"https:\/\/contrastes.com.co\/digital\/wp-json\/wp\/v2\/posts"}],"about":[{"href":"https:\/\/contrastes.com.co\/digital\/wp-json\/wp\/v2\/types\/post"}],"author":[{"embeddable":true,"href":"https:\/\/contrastes.com.co\/digital\/wp-json\/wp\/v2\/users\/1"}],"replies":[{"embeddable":true,"href":"https:\/\/contrastes.com.co\/digital\/wp-json\/wp\/v2\/comments?post=13102"}],"version-history":[{"count":1,"href":"https:\/\/contrastes.com.co\/digital\/wp-json\/wp\/v2\/posts\/13102\/revisions"}],"predecessor-version":[{"id":13103,"href":"https:\/\/contrastes.com.co\/digital\/wp-json\/wp\/v2\/posts\/13102\/revisions\/13103"}],"wp:featuredmedia":[{"embeddable":true,"href":"https:\/\/contrastes.com.co\/digital\/wp-json\/wp\/v2\/media\/13101"}],"wp:attachment":[{"href":"https:\/\/contrastes.com.co\/digital\/wp-json\/wp\/v2\/media?parent=13102"}],"wp:term":[{"taxonomy":"category","embeddable":true,"href":"https:\/\/contrastes.com.co\/digital\/wp-json\/wp\/v2\/categories?post=13102"},{"taxonomy":"post_tag","embeddable":true,"href":"https:\/\/contrastes.com.co\/digital\/wp-json\/wp\/v2\/tags?post=13102"}],"curies":[{"name":"wp","href":"https:\/\/api.w.org\/{rel}","templated":true}]}}