{"id":13104,"date":"2023-02-07T11:13:25","date_gmt":"2023-02-07T16:13:25","guid":{"rendered":"https:\/\/contrastes.com.co\/digital\/?p=13104"},"modified":"2023-02-07T11:13:25","modified_gmt":"2023-02-07T16:13:25","slug":"norte-de-barranquilla-cayo-a-un-hueco-en-zona-de-obras-de-peatonalizacion-y-se-rompio-4-costillas","status":"publish","type":"post","link":"https:\/\/contrastes.com.co\/digital\/norte-de-barranquilla-cayo-a-un-hueco-en-zona-de-obras-de-peatonalizacion-y-se-rompio-4-costillas\/","title":{"rendered":"Norte de Barranquilla: Cay\u00f3 a un hueco en zona de obras de peatonalizaci\u00f3n y se rompi\u00f3 4 costillas"},"content":{"rendered":"<p><strong>*Norte de Barranquilla: Cay\u00f3 a un hueco en zona de obras de peatonalizaci\u00f3n y se rompi\u00f3 4 costillas<\/strong><\/p>\n<blockquote><p><strong>Familiares de la mujer v\u00edctima que cay\u00f3 en un hueco registrado en el norte de Barranquilla, afirman que no descartan adelantar acciones legales por lo ocurrido, una vez m\u00e9dicos estabilicen a Luz Marina Rinc\u00f3n.<\/strong><\/p><\/blockquote>\n<p><img loading=\"lazy\" decoding=\"async\" class=\"alignleft  wp-image-8529\" src=\"https:\/\/contrastes.com.co\/digital\/wp-content\/uploads\/2022\/03\/e-capitular.png\" alt=\"e capitular\" width=\"70\" height=\"70\" srcset=\"https:\/\/contrastes.com.co\/digital\/wp-content\/uploads\/2022\/03\/e-capitular.png 150w, https:\/\/contrastes.com.co\/digital\/wp-content\/uploads\/2022\/03\/e-capitular-60x60.png 60w\" sizes=\"auto, (max-width: 70px) 100vw, 70px\" \/>n la <strong>Cl\u00ednica Iberoamericana<\/strong> permanece <strong>Luz Marina Rinc\u00f3n,<\/strong> la mujer que la madrugada del lunes cay\u00f3 a un registro de 2 metros de profundidad en el que se encuentra el cableado de los sem\u00e1foros y c\u00e1maras de seguridad. El hueco se encuentra justo al terminar un sendero peatonal que est\u00e1 siendo intervenido con obras de embellecimiento en la <strong>esquina de la calle 82 con la carrera 53,<\/strong> el cual se encontraba destapado y sin se\u00f1alizaci\u00f3n.<\/p>\n<p>De acuerdo con Fern\u00e1ndo Rinc\u00f3n, hermano de la mujer lesionada, el lamentable accidente se produjo poco despu\u00e9s que salieran a ejercitarse caminando. Luz Marina caminaba por el sendero peatonal y, dada la oscuridad de la madrugada, no alcanz\u00f3 a ver el hueco que este martes ya amaneci\u00f3 cubierto con una tapa de concreto y con un sobre nivel del suelo.<\/p>\n<blockquote><p>\u201cEso estaba a nivel de la tierra y estaba sin tapa, ella viene caminando haciendo sus ejercicios y cay\u00f3. Ahora fue que le pusieron dos capas de ladrillo y una tapa encima, por eso es que ella cae al hueco\u201d, relat\u00f3 Rinc\u00f3n.<\/p><\/blockquote>\n<p>A Luz Marina la encontr\u00f3 una joven identificada como Dana Villamil, qui\u00e9n tambi\u00e9n se ejercita. Ella cont\u00f3 a Blu Radio que alcanz\u00f3 a escuchar la voz de una mujer pidiendo ayuda.<\/p>\n<p>\u201cTodav\u00eda estaba oscuro, cuando pas\u00e9 escuch\u00e9 una voz muy bajita y al acercarme vi a la mujer golpeada dentro del hueco. Ella no se pod\u00eda parar, tampoco hablar y respiraba con dificultad\u201d, cont\u00f3 Villamil.<\/p>\n<p>A Luz Marina la auxiliaron param\u00e9dicos de una ambulancia que fue alertada por la comunidad. Ahora permanece a la espera de nuevos ex\u00e1menes m\u00e9dicos para determinar si es necesario que sea sometida a una cirug\u00eda.<\/p>\n","protected":false},"excerpt":{"rendered":"<p>En la Cl\u00ednica Iberoamericana permanece Luz Marina Rinc\u00f3n, la mujer que la madrugada del lunes cay\u00f3 a un registro de 2 metros de profundidad en el que se encuentra el cableado de los sem\u00e1foros y c\u00e1maras de seguridad. El hueco se encuentra justo al terminar un sendero peatonal que est\u00e1 siendo intervenido con obras de embellecimiento en la esquina de la calle 82 con la carrera 53, el cual se encontraba destapado y sin se\u00f1alizaci\u00f3n.<\/p>\n","protected":false},"author":1,"featured_media":13106,"comment_status":"open","ping_status":"open","sticky":false,"template":"","format":"standard","meta":{"footnotes":""},"categories":[6,1247],"tags":[8737,8739,8738],"class_list":["post-13104","post","type-post","status-publish","format-standard","has-post-thumbnail","hentry","category-region","category-sucesos","tag-esquina-de-la-calle-82-con-la-carrera-53","tag-fractura-costillas","tag-hueco"],"_links":{"self":[{"href":"https:\/\/contrastes.com.co\/digital\/wp-json\/wp\/v2\/posts\/13104","targetHints":{"allow":["GET"]}}],"collection":[{"href":"https:\/\/contrastes.com.co\/digital\/wp-json\/wp\/v2\/posts"}],"about":[{"href":"https:\/\/contrastes.com.co\/digital\/wp-json\/wp\/v2\/types\/post"}],"author":[{"embeddable":true,"href":"https:\/\/contrastes.com.co\/digital\/wp-json\/wp\/v2\/users\/1"}],"replies":[{"embeddable":true,"href":"https:\/\/contrastes.com.co\/digital\/wp-json\/wp\/v2\/comments?post=13104"}],"version-history":[{"count":1,"href":"https:\/\/contrastes.com.co\/digital\/wp-json\/wp\/v2\/posts\/13104\/revisions"}],"predecessor-version":[{"id":13107,"href":"https:\/\/contrastes.com.co\/digital\/wp-json\/wp\/v2\/posts\/13104\/revisions\/13107"}],"wp:featuredmedia":[{"embeddable":true,"href":"https:\/\/contrastes.com.co\/digital\/wp-json\/wp\/v2\/media\/13106"}],"wp:attachment":[{"href":"https:\/\/contrastes.com.co\/digital\/wp-json\/wp\/v2\/media?parent=13104"}],"wp:term":[{"taxonomy":"category","embeddable":true,"href":"https:\/\/contrastes.com.co\/digital\/wp-json\/wp\/v2\/categories?post=13104"},{"taxonomy":"post_tag","embeddable":true,"href":"https:\/\/contrastes.com.co\/digital\/wp-json\/wp\/v2\/tags?post=13104"}],"curies":[{"name":"wp","href":"https:\/\/api.w.org\/{rel}","templated":true}]}}