{"id":13108,"date":"2023-02-07T11:20:57","date_gmt":"2023-02-07T16:20:57","guid":{"rendered":"https:\/\/contrastes.com.co\/digital\/?p=13108"},"modified":"2023-02-07T11:20:57","modified_gmt":"2023-02-07T16:20:57","slug":"ministra-corcho-reconoce-que-reforma-a-la-salud-esta-incompleta-y-por-eso-no-ha-sido-radicada","status":"publish","type":"post","link":"https:\/\/contrastes.com.co\/digital\/ministra-corcho-reconoce-que-reforma-a-la-salud-esta-incompleta-y-por-eso-no-ha-sido-radicada\/","title":{"rendered":"Ministra Corcho reconoce que reforma a la salud est\u00e1 incompleta y por eso no ha sido radicada"},"content":{"rendered":"<p><strong>*Ministra Corcho reconoce que reforma a la salud est\u00e1 incompleta y por eso no ha sido radicada<\/strong><\/p>\n<blockquote><p><strong>Una comisi\u00f3n t\u00e9cnica del Ministerio de Hacienda estar\u00eda ultimando detalles de la reforma a la salud. El ministro del Interior, Alfonso Prada, anticip\u00f3 en Ma\u00f1anas Blu que el texto tendr\u00e1 \u00absorpresas\u00bb.<\/strong><\/p><\/blockquote>\n<p><img loading=\"lazy\" decoding=\"async\" class=\"alignleft  wp-image-8529\" src=\"https:\/\/contrastes.com.co\/digital\/wp-content\/uploads\/2022\/03\/e-capitular.png\" alt=\"e capitular\" width=\"54\" height=\"54\" srcset=\"https:\/\/contrastes.com.co\/digital\/wp-content\/uploads\/2022\/03\/e-capitular.png 150w, https:\/\/contrastes.com.co\/digital\/wp-content\/uploads\/2022\/03\/e-capitular-60x60.png 60w\" sizes=\"auto, (max-width: 54px) 100vw, 54px\" \/>n el conversatorio sobre la reforma estructural que debe hacerse al sistema de salud, efectuado este martes, 7 de febrero, la <strong>ministra de Salud, Carolina Corcho,<\/strong> asegur\u00f3 que la raz\u00f3n por la que no se ha presentado el articulado ante el <strong>Congreso de la Rep\u00fablica<\/strong> es porque no est\u00e1 listo.<\/p>\n<p>\u201cNosotros esperamos radicar esta reforma lo m\u00e1s pronto posible, la raz\u00f3n por la que no se le ha presentado al pa\u00eds es justamente, que si la presentamos incompleta van a decir que es improvisaci\u00f3n y que va a generar mayor incertidumbre. Entonces nosotros consideramos lo m\u00e1s prudente, ya con el documento completo, cuando ya est\u00e9, hacer la presentaci\u00f3n en la radicaci\u00f3n del proyecto de ley\u201d, indic\u00f3 la jefe de la cartera.<\/p>\n<p>Precisamente, d\u00edas antes, Corcho anunci\u00f3 que <strong>una comisi\u00f3n t\u00e9cnica del Ministerio de Hacienda est\u00e1 revisando los \u00faltimos detalles fiscales de la reforma a la salud<\/strong>. A su vez, manifest\u00f3 que el Gobierno no pretende hacer una imposici\u00f3n de la reforma, porque no es su estilo. Por eso se har\u00e1 en el Congreso con una gran discusi\u00f3n y espera que sea lo m\u00e1s pronto posible.<\/p>\n<p>Explic\u00f3 tambi\u00e9n que una reforma de este tipo nunca va a tener contento a todo un pa\u00eds; por eso indic\u00f3 que los acuerdos tienen que ser sobre las bases fundamentales, o no habr\u00e1 consenso.<\/p>\n<p>Luego del encuentro, la ministra Corcho se dirigi\u00f3 al Ministerio de Salud, en donde se reuni\u00f3 con el presidente de la Rep\u00fablica, Gustavo Petro, y la misi\u00f3n especial de la <strong>Organizaci\u00f3n Mundial de la Salud, OMS,<\/strong> encargada de dar una revisi\u00f3n t\u00e9cnica a la reforma.<\/p>\n<p>Despu\u00e9s de que la ministra de salud, Carolina Corcho, asistiera al <strong>Foro Salud en Bogot\u00e1<\/strong>, parte de sus declaraciones generaron pol\u00e9mica entre el gremio de la salud y sectores pol\u00edticos.<\/p>\n<p>Y es que parte de la declaraci\u00f3n de la ministra Corcho caus\u00f3 revuelo por las implicaciones al gremio y se sum\u00f3 a la ya pol\u00e9mica por el desconocimiento del texto de la iniciativa.<\/p>\n<p>\u201cPorque cada prestador de servicios va a tener una junta reguladora de m\u00e9dicos, donde los m\u00e9dicos vamos a vigilar a los dem\u00e1s m\u00e9dicos. El problema fiscal no son los alcaldes y gobernadores son los m\u00e9dicos, porque el m\u00e9dico puede disparar el gasto p\u00fablico si manda de todo, el m\u00e9dico induce a la demanda en el nivel primario\u201d, se\u00f1al\u00f3 la jefe de cartera de salud.<\/p>\n","protected":false},"excerpt":{"rendered":"<p>En el conversatorio sobre la reforma estructural que debe hacerse al sistema de salud, efectuado este martes, 7 de febrero, la ministra de Salud, Carolina Corcho, asegur\u00f3 que la raz\u00f3n por la que no se ha presentado el articulado ante el Congreso de la Rep\u00fablica es porque no est\u00e1 listo.<\/p>\n","protected":false},"author":1,"featured_media":13109,"comment_status":"open","ping_status":"open","sticky":false,"template":"","format":"standard","meta":{"footnotes":""},"categories":[4,268],"tags":[6622,6623,8654],"class_list":["post-13108","post","type-post","status-publish","format-standard","has-post-thumbnail","hentry","category-pais","category-salud","tag-carolina-corcho","tag-ministra-de-salud","tag-reforma-a-la-salud"],"_links":{"self":[{"href":"https:\/\/contrastes.com.co\/digital\/wp-json\/wp\/v2\/posts\/13108","targetHints":{"allow":["GET"]}}],"collection":[{"href":"https:\/\/contrastes.com.co\/digital\/wp-json\/wp\/v2\/posts"}],"about":[{"href":"https:\/\/contrastes.com.co\/digital\/wp-json\/wp\/v2\/types\/post"}],"author":[{"embeddable":true,"href":"https:\/\/contrastes.com.co\/digital\/wp-json\/wp\/v2\/users\/1"}],"replies":[{"embeddable":true,"href":"https:\/\/contrastes.com.co\/digital\/wp-json\/wp\/v2\/comments?post=13108"}],"version-history":[{"count":1,"href":"https:\/\/contrastes.com.co\/digital\/wp-json\/wp\/v2\/posts\/13108\/revisions"}],"predecessor-version":[{"id":13110,"href":"https:\/\/contrastes.com.co\/digital\/wp-json\/wp\/v2\/posts\/13108\/revisions\/13110"}],"wp:featuredmedia":[{"embeddable":true,"href":"https:\/\/contrastes.com.co\/digital\/wp-json\/wp\/v2\/media\/13109"}],"wp:attachment":[{"href":"https:\/\/contrastes.com.co\/digital\/wp-json\/wp\/v2\/media?parent=13108"}],"wp:term":[{"taxonomy":"category","embeddable":true,"href":"https:\/\/contrastes.com.co\/digital\/wp-json\/wp\/v2\/categories?post=13108"},{"taxonomy":"post_tag","embeddable":true,"href":"https:\/\/contrastes.com.co\/digital\/wp-json\/wp\/v2\/tags?post=13108"}],"curies":[{"name":"wp","href":"https:\/\/api.w.org\/{rel}","templated":true}]}}