{"id":13152,"date":"2023-02-08T17:36:30","date_gmt":"2023-02-08T22:36:30","guid":{"rendered":"https:\/\/contrastes.com.co\/digital\/?p=13152"},"modified":"2023-02-08T17:53:00","modified_gmt":"2023-02-08T22:53:00","slug":"efrain-cepeda-seria-el-nuevo-presidente-del-partido-conservador-colombiano","status":"publish","type":"post","link":"https:\/\/contrastes.com.co\/digital\/efrain-cepeda-seria-el-nuevo-presidente-del-partido-conservador-colombiano\/","title":{"rendered":"Efra\u00edn Cepeda ser\u00eda el nuevo presidente del Partido Conservador Colombiano"},"content":{"rendered":"<p><strong>*Efra\u00edn Cepeda ser\u00eda el nuevo presidente del Partido Conservador Colombiano\u00a0<\/strong><\/p>\n<blockquote><p><strong>Mediante una carta firmada por al menos 10 integrantes de los 18 que conforman el Directorio Nacional del Partido Conservador el senador barranquillero Efra\u00edn Cepeda Sanabria asumir\u00eda la presidencia de esa tolda en reemplazo del senador antioque\u00f1o Carlos Andr\u00e9s Trujillo<\/strong><\/p><\/blockquote>\n<p><img loading=\"lazy\" decoding=\"async\" class=\"alignleft wp-image-8529\" src=\"https:\/\/contrastes.com.co\/digital\/wp-content\/uploads\/2022\/03\/e-capitular.png\" alt=\"e capitular\" width=\"56\" height=\"56\" srcset=\"https:\/\/contrastes.com.co\/digital\/wp-content\/uploads\/2022\/03\/e-capitular.png 150w, https:\/\/contrastes.com.co\/digital\/wp-content\/uploads\/2022\/03\/e-capitular-60x60.png 60w\" sizes=\"auto, (max-width: 56px) 100vw, 56px\" \/>l senador barranquillero, <strong>Efra\u00edn Cepeda Sarabia,<\/strong> habr\u00eda sido elegido presidente del <strong>Partido Conservador Colombiano<\/strong> por al menos diez de los dieciocho integrantes del Directorio Nacional de esa tolda, y reemplazar\u00eda al senador antioque\u00f1o <strong>Carlos Andr\u00e9s Trujillo<\/strong>, quien desde el 30 de junio de 2022 ocupaba ese importante cargo al interior de la organizaci\u00f3n pol\u00edtica.<\/p>\n<p>En una misiva fechada el martes 7 de febrero y firmada por al menos diez integrantes de los dieciocho que conforman el Directorio Nacional Conservador, resalta lo siguiente: \u201cSin duda alguna estamos viviendo momentos de cambio y en aras de mantener la congruencia con nuestra colectividad y de cara al proceso electoral regional que se avecina, el cual es fundamental para nuestro Partido\u2026 estimamos necesario que para esta coyuntura pol\u00edtica continuemos con un vocero de trayectoria nacional reconocida\u201d<\/p>\n<p>Cabe se\u00f1alar que Cepeda Sarabia ya ha ocupado dos veces la presidencia de su partido. Las firmas legibles que se pueden apreciar en el documento al cual tuvimos acceso, son las de los senadores <strong>Marcos Daniel Pineda y Efrain Cepeda Sarabia; as\u00ed como de Marcos G\u00f3mez (Nuevas Generaciones); Juan Camilo Fuentes (libre designaci\u00f3n); Luz Marina Campo, organizaci\u00f3n de mujeres; Jesus David Contreras (Nueva Designaci\u00f3n) y los Representantes a la C\u00e1mara Wadith Manzur y Hector Mauricio Cuellar.<\/strong><\/p>\n<p><img loading=\"lazy\" decoding=\"async\" class=\"size-full wp-image-13154 aligncenter\" src=\"https:\/\/contrastes.com.co\/digital\/wp-content\/uploads\/2023\/02\/pag1.jpg\" alt=\"directorio1\" width=\"1000\" height=\"1525\" srcset=\"https:\/\/contrastes.com.co\/digital\/wp-content\/uploads\/2023\/02\/pag1.jpg 1000w, https:\/\/contrastes.com.co\/digital\/wp-content\/uploads\/2023\/02\/pag1-197x300.jpg 197w, https:\/\/contrastes.com.co\/digital\/wp-content\/uploads\/2023\/02\/pag1-671x1024.jpg 671w, https:\/\/contrastes.com.co\/digital\/wp-content\/uploads\/2023\/02\/pag1-768x1171.jpg 768w\" sizes=\"auto, (max-width: 1000px) 100vw, 1000px\" \/><\/p>\n<p><img loading=\"lazy\" decoding=\"async\" class=\"size-full wp-image-13155 aligncenter\" src=\"https:\/\/contrastes.com.co\/digital\/wp-content\/uploads\/2023\/02\/pag2.jpg\" alt=\"directori2\" width=\"1000\" height=\"1506\" srcset=\"https:\/\/contrastes.com.co\/digital\/wp-content\/uploads\/2023\/02\/pag2.jpg 1000w, https:\/\/contrastes.com.co\/digital\/wp-content\/uploads\/2023\/02\/pag2-199x300.jpg 199w, https:\/\/contrastes.com.co\/digital\/wp-content\/uploads\/2023\/02\/pag2-680x1024.jpg 680w, https:\/\/contrastes.com.co\/digital\/wp-content\/uploads\/2023\/02\/pag2-768x1157.jpg 768w\" sizes=\"auto, (max-width: 1000px) 100vw, 1000px\" \/><\/p>\n<h3>\u00bfQu\u00e9 pasa al interior del Partido Conservador?<\/h3>\n<p>La situaci\u00f3n al interior del Partido Conservador Colombiano tiene varias interpretaciones e incluso algunos medios han calificado el tema como de un \u201dGolpe de Estado\u201d que le arrebatar\u00eda la jefatura a Trujillo<\/p>\n<p>Seg\u00fan el diario El Colombiano, al interior del directorio godo se estaba cocinando un plan para quitarle a Trujillo la Direcci\u00f3n del Partido. Se\u00f1alando que voces del Partido Conservador critican que Carlos Andr\u00e9s Trujillo estar\u00eda dirigiendo la colectividad priorizando sus intereses burocr\u00e1ticos y sin reparos al Gobierno de Gustavo Petro.<\/p>\n<p>Dentro del Partido Conservador est\u00e1n alistando un plan con el que se busca dar un \u201cgolpe de Estado\u201d para tratar de bajar de la Direcci\u00f3n al senador antioque\u00f1o Carlos Andr\u00e9s Trujillo, quien dirige la colectividad desde junio de 2022, cuando logr\u00f3 quitarle el puesto a \u00d3mar Yepes.<\/p>\n<p>El plan para tumbar a Trujillo surgi\u00f3 en las \u00faltimas horas en el Directorio conservador y fuentes al interior de ese partido le aseguraron al diario antioque\u00f1o de circulaci\u00f3n nacional <em><strong><a href=\"https:\/\/www.elcolombiano.com\/colombia\/politica\/directorio-del-partido-conservador-quiere-tumbar-al-senador-carlos-andres-trujillo-del-cargo-PA20319042\">El Colombiano<\/a>, <\/strong><\/em>que todo est\u00e1 motivado por el creciente descontento que hay frente a su gesti\u00f3n y su \u201cactitud servil\u201d con el <strong>presidente Gustavo Petro<\/strong>.<\/p>\n<p>El Colombiano conoci\u00f3 que el senador Trujillo, exalcalde y bar\u00f3n electoral del municipio de Itag\u00fc\u00ed, se encuentra por fuera del pa\u00eds y en medio de su ausencia el Directorio conservador habr\u00eda acordado que es necesario sacarlo de la Direcci\u00f3n de la colectividad m\u00e1ximo la pr\u00f3xima semana.<\/p>\n<p>Desde las filas del conservatismo han surgido voces que cuestionan que Trujillo puso el poder que tiene la colectividad en el Congreso al servicio del Gobierno Petro a cambio de cuotas burocr\u00e1ticas que el Jefe de Estado le entrega a \u00e9l directamente, lo que estar\u00eda generando diferencias.<\/p>\n<p>Una muestra de esta situaci\u00f3n es que fue Trujillo quien le entreg\u00f3 a Petro el nombre de Guillermo Reyes para que fuera su m\u00e1s alta cuota en el Gobierno al ocupar el cargo de ministro de Transporte, y a cambio de este tipo de favores el Conservador se declar\u00f3 como partido de gobierno.<\/p>\n<p>Esta situaci\u00f3n ha desatado malestar en las filas conservadoras y se cuestiona que el senador antioque\u00f1o no est\u00e1 siendo un buen interlocutor con el Gobierno y adem\u00e1s estar\u00eda buscando consolidar su poder personal al acaparar las cuotas burocr\u00e1ticas en el Ejecutivo.<\/p>\n<p>Por lo pronto Trujillo no se ha referido a este tema y no lo har\u00eda, por lo menos, hasta que regrese al pa\u00eds, pero desde ya est\u00e1 claro que si logran bajarlo del cargo, se podr\u00edan ver perjudicados los intereses pol\u00edticos del Gobierno, as\u00ed como su plan por acaparar m\u00e1s poder en Antioquia.<\/p>\n<p>Y es que Trujillo, al llevar las riendas del Partido Conservador, decidi\u00f3 aliarse con el exsenador liberal Juli\u00e1n Bedoya, quien ser\u00e1 su candidato a la Gobernaci\u00f3n de Antioquia, pero si pierde el poder total de la colectividad azul, este plan podr\u00eda verse truncado.<\/p>\n<p>Adem\u00e1s, la coalici\u00f3n que conform\u00f3 el Gobierno Petro en el Congreso podr\u00eda verse afectada porque podr\u00edan perder a un aliado clave para la aprobaci\u00f3n de las reformas, ya que los conservadores cuentan con 15 curules en Senado de la Rep\u00fablica y 25 en la C\u00e1mara de Representantes.<\/p>\n","protected":false},"excerpt":{"rendered":"<p>El senador barranquillero, Efra\u00edn Cepeda Sarabia, habr\u00eda sido elegido presidente del Partido Conservador Colombiano por al menos diez de los dieciocho integrantes del Directorio Nacional de esa tolda, y reemplazar\u00eda al senador antioque\u00f1o Carlos Andr\u00e9s Trujillo, quien desde el 30 de junio de 2022 ocupaba ese importante cargo al interior de la organizaci\u00f3n pol\u00edtica.<\/p>\n","protected":false},"author":1,"featured_media":13153,"comment_status":"open","ping_status":"open","sticky":false,"template":"","format":"standard","meta":{"footnotes":""},"categories":[4,5,6],"tags":[8784,8783,7115,8791,8789,8787,8788,8785,8786,8781,8782,6599,3613,8790],"class_list":["post-13152","post","type-post","status-publish","format-standard","has-post-thumbnail","hentry","category-pais","category-politica","category-region","tag-carlos-andres-trujillo","tag-directorio-nacional-del-partido-conservador","tag-efrain-cepeda-sarabia","tag-hector-mauricio-cuellar","tag-jesus-david-contreras","tag-juan-camilo-fuentes","tag-luz-marina-campo","tag-marcos-daniel-pineda","tag-marcos-gomez","tag-partido-conservador-colombiano","tag-presidente","tag-presidente-gustavo-petro","tag-representantes-a-la-camara","tag-wadith-manzur"],"_links":{"self":[{"href":"https:\/\/contrastes.com.co\/digital\/wp-json\/wp\/v2\/posts\/13152","targetHints":{"allow":["GET"]}}],"collection":[{"href":"https:\/\/contrastes.com.co\/digital\/wp-json\/wp\/v2\/posts"}],"about":[{"href":"https:\/\/contrastes.com.co\/digital\/wp-json\/wp\/v2\/types\/post"}],"author":[{"embeddable":true,"href":"https:\/\/contrastes.com.co\/digital\/wp-json\/wp\/v2\/users\/1"}],"replies":[{"embeddable":true,"href":"https:\/\/contrastes.com.co\/digital\/wp-json\/wp\/v2\/comments?post=13152"}],"version-history":[{"count":2,"href":"https:\/\/contrastes.com.co\/digital\/wp-json\/wp\/v2\/posts\/13152\/revisions"}],"predecessor-version":[{"id":13158,"href":"https:\/\/contrastes.com.co\/digital\/wp-json\/wp\/v2\/posts\/13152\/revisions\/13158"}],"wp:featuredmedia":[{"embeddable":true,"href":"https:\/\/contrastes.com.co\/digital\/wp-json\/wp\/v2\/media\/13153"}],"wp:attachment":[{"href":"https:\/\/contrastes.com.co\/digital\/wp-json\/wp\/v2\/media?parent=13152"}],"wp:term":[{"taxonomy":"category","embeddable":true,"href":"https:\/\/contrastes.com.co\/digital\/wp-json\/wp\/v2\/categories?post=13152"},{"taxonomy":"post_tag","embeddable":true,"href":"https:\/\/contrastes.com.co\/digital\/wp-json\/wp\/v2\/tags?post=13152"}],"curies":[{"name":"wp","href":"https:\/\/api.w.org\/{rel}","templated":true}]}}