{"id":13186,"date":"2023-02-13T06:54:51","date_gmt":"2023-02-13T11:54:51","guid":{"rendered":"https:\/\/contrastes.com.co\/digital\/?p=13186"},"modified":"2023-02-13T17:19:20","modified_gmt":"2023-02-13T22:19:20","slug":"colombia-hoy-radio-una-nueva-alternativa-para-estar-realmente-informados","status":"publish","type":"post","link":"https:\/\/contrastes.com.co\/digital\/colombia-hoy-radio-una-nueva-alternativa-para-estar-realmente-informados\/","title":{"rendered":"Colombia Hoy Radio, una nueva alternativa para estar \u00abrealmente\u00bb informados\u00a0"},"content":{"rendered":"<p><strong>*Colombia Hoy Radio, una nueva alternativa para estar \u00abrealmente\u00bb informados\u00a0<\/strong><\/p>\n<blockquote><p><strong>Es un nuevo d\u00eda en la Colombia multicolor, donde todas las voces caben, donde lo positivo es motor del cambio. Es hora de enlazarnos digitalmente con las regiones que palpitan en los campos y en las ciudades en la b\u00fasqueda de la paz total y nuestros valores. Encendemos c\u00e1maras y abrimos micr\u00f3fonos para contar las cosas tal como son en Colombia Hoy Radio, noticias, historias, entrevistas, servicio, deportes, culturas, m\u00fasica y mucho m\u00e1s.<\/strong><\/p><\/blockquote>\n<p><img loading=\"lazy\" decoding=\"async\" class=\"alignleft wp-image-8529\" src=\"https:\/\/contrastes.com.co\/digital\/wp-content\/uploads\/2022\/03\/e-capitular.png\" alt=\"e capitular\" width=\"77\" height=\"77\" srcset=\"https:\/\/contrastes.com.co\/digital\/wp-content\/uploads\/2022\/03\/e-capitular.png 150w, https:\/\/contrastes.com.co\/digital\/wp-content\/uploads\/2022\/03\/e-capitular-60x60.png 60w\" sizes=\"auto, (max-width: 77px) 100vw, 77px\" \/>ste lunes 13 de febrero, D\u00eda Mundial de la Radio, inici\u00f3 sus transmisiones el informativo <strong>Colombia Hoy Radio <\/strong>un espacio que tiene como protagonistas, a la gente, la actualidad del pa\u00eds, sus regiones y toda la informaci\u00f3n del Gobierno, de 6 a 9 de la ma\u00f1ana por todas nuestras redes sociales, por el Canal Institucional a trav\u00e9s del sistema TDT, as\u00ed como los sitios web independientes, canales de televisi\u00f3n y emisoras comunitarias.<\/p>\n<p><iframe loading=\"lazy\" title=\"Colombia Hoy Radio, 13 de febrero de 2023\" width=\"640\" height=\"360\" src=\"https:\/\/www.youtube.com\/embed\/EtHng9yBaFA?start=211&#038;feature=oembed\" frameborder=\"0\" allow=\"accelerometer; autoplay; clipboard-write; encrypted-media; gyroscope; picture-in-picture; web-share\" referrerpolicy=\"strict-origin-when-cross-origin\" allowfullscreen><\/iframe><\/p>\n<p>\u201cEs un nuevo d\u00eda en la Colombia multicolor, donde todas las voces caben, donde lo positivo es motor del cambio. Es hora de enlazarnos digitalmente con las regiones que palpitan en los campos y en las ciudades en la b\u00fasqueda de la paz total y nuestros valores. Encendemos c\u00e1maras y abrimos micr\u00f3fonos para contar las cosas tal como son; aqu\u00ed comienza el informativo de la ma\u00f1ana en <strong>Colombia Hoy Radio<\/strong>, noticias, historias, entrevistas, servicio, deportes, culturas, m\u00fasica y mucho m\u00e1s. Colombia Hoy Radio, bienvenidos.<\/p>\n<p>Como era de esperarse <strong>Contrastes.com.co Periodismo de Conciencia<\/strong> no pod\u00eda sustraerse a este nuevo reto informativo que viene a democratizar la forma en la cual los colombianos nos informamos. A partir de hoy nos sumamos a esta gran iniciativa del <strong>Gobierno Nacional y MinTIC<\/strong> para lo cual nuestras plataformas transmitir\u00e1n todos los contenidos de esta gran alianza en la que el protagonista es nuestra gente, de todos los rincones del pa\u00eds.<\/p>\n<p>Estaremos enviando informaci\u00f3n de Soledad, Barranquilla y dem\u00e1s municipios del \u00e1rea metropolitana y el departamento del Atl\u00e1ntico. Las noticias que nuestros lectores y seguidores comparten mediante todas nuestras plataformas. Lleg\u00f3 el momento del cambio de paradigmas informativos.<\/p>\n","protected":false},"excerpt":{"rendered":"<p>Este lunes 13 de febrero, D\u00eda Mundial de la Radio, inici\u00f3 sus transmisiones el informativo Colombia Hoy Radio un espacio que tiene como protagonistas, a la gente, la actualidad del pa\u00eds, sus regiones y toda la informaci\u00f3n del Gobierno, de 6 a 9 de la ma\u00f1ana por todas nuestras redes sociales, por el Canal Institucional a trav\u00e9s del sistema TDT, as\u00ed como los sitios web independientes, canales de televisi\u00f3n y emisoras comunitarias.<\/p>\n","protected":false},"author":1,"featured_media":13187,"comment_status":"open","ping_status":"open","sticky":false,"template":"","format":"standard","meta":{"footnotes":""},"categories":[1199,64,2885,7282,764,782,2,301,973,3109,2533,113,965,3955,5714,6633,1328,6,5682,2065,1247,9,6728,4995],"tags":[8807,8805,8572,8806,3841,1347],"class_list":["post-13186","post","type-post","status-publish","format-standard","has-post-thumbnail","hentry","category-contrastesradio","category-cultura","category-entretenimiento","category-festividades","category-gastronomia","category-historia","category-locales","category-medio-ambiente","category-mujer","category-ninos-y-adolescentes","category-novedades","category-personajes","category-playas","category-politicas-publicas","category-programas-asistenciales","category-pueblos-indigenas","category-redes-sociales","category-region","category-reportajes","category-servicios-publicos","category-sucesos","category-tecnologia","category-telecomunicaciones-e-internet","category-television-web","tag-canal-institucional","tag-colombia-hoy-radio","tag-contrastes-com-co","tag-informativo","tag-presidencia-de-la-republica","tag-redes-sociales"],"_links":{"self":[{"href":"https:\/\/contrastes.com.co\/digital\/wp-json\/wp\/v2\/posts\/13186","targetHints":{"allow":["GET"]}}],"collection":[{"href":"https:\/\/contrastes.com.co\/digital\/wp-json\/wp\/v2\/posts"}],"about":[{"href":"https:\/\/contrastes.com.co\/digital\/wp-json\/wp\/v2\/types\/post"}],"author":[{"embeddable":true,"href":"https:\/\/contrastes.com.co\/digital\/wp-json\/wp\/v2\/users\/1"}],"replies":[{"embeddable":true,"href":"https:\/\/contrastes.com.co\/digital\/wp-json\/wp\/v2\/comments?post=13186"}],"version-history":[{"count":1,"href":"https:\/\/contrastes.com.co\/digital\/wp-json\/wp\/v2\/posts\/13186\/revisions"}],"predecessor-version":[{"id":13188,"href":"https:\/\/contrastes.com.co\/digital\/wp-json\/wp\/v2\/posts\/13186\/revisions\/13188"}],"wp:featuredmedia":[{"embeddable":true,"href":"https:\/\/contrastes.com.co\/digital\/wp-json\/wp\/v2\/media\/13187"}],"wp:attachment":[{"href":"https:\/\/contrastes.com.co\/digital\/wp-json\/wp\/v2\/media?parent=13186"}],"wp:term":[{"taxonomy":"category","embeddable":true,"href":"https:\/\/contrastes.com.co\/digital\/wp-json\/wp\/v2\/categories?post=13186"},{"taxonomy":"post_tag","embeddable":true,"href":"https:\/\/contrastes.com.co\/digital\/wp-json\/wp\/v2\/tags?post=13186"}],"curies":[{"name":"wp","href":"https:\/\/api.w.org\/{rel}","templated":true}]}}