{"id":13258,"date":"2023-02-16T14:39:02","date_gmt":"2023-02-16T19:39:02","guid":{"rendered":"https:\/\/contrastes.com.co\/digital\/?p=13258"},"modified":"2023-02-16T14:39:02","modified_gmt":"2023-02-16T19:39:02","slug":"exitoso-lanzamiento-del-mas-reciente-libro-de-fausto-perez-villarreal","status":"publish","type":"post","link":"https:\/\/contrastes.com.co\/digital\/exitoso-lanzamiento-del-mas-reciente-libro-de-fausto-perez-villarreal\/","title":{"rendered":"Exitoso lanzamiento del m\u00e1s reciente libro de Fausto P\u00e9rez Villarreal"},"content":{"rendered":"<p><strong>*Exitoso lanzamiento del m\u00e1s reciente libro de Fausto P\u00e9rez Villarreal<\/strong><\/p>\n<blockquote><p><strong>En el sal\u00f3n Perla de Combarranquilla, sede Country, se llev\u00f3 a cabo este mi\u00e9rcoles 15 de febrero el lanzamiento del libro \u201cRichie &amp; Bobby en el coraz\u00f3n de Barranquilla\u201d, publicado por SantaB\u00e1rbara editores.<\/strong><\/p><\/blockquote>\n<p><strong>Por Germ\u00e1n Ag\u00e1mez<\/strong><\/p>\n<p><img loading=\"lazy\" decoding=\"async\" class=\"alignleft  wp-image-8529\" src=\"https:\/\/contrastes.com.co\/digital\/wp-content\/uploads\/2022\/03\/e-capitular.png\" alt=\"e capitular\" width=\"66\" height=\"66\" srcset=\"https:\/\/contrastes.com.co\/digital\/wp-content\/uploads\/2022\/03\/e-capitular.png 150w, https:\/\/contrastes.com.co\/digital\/wp-content\/uploads\/2022\/03\/e-capitular-60x60.png 60w\" sizes=\"auto, (max-width: 66px) 100vw, 66px\" \/>n una noche fresca y en compa\u00f1\u00eda de un pu\u00f1ado de sus amigos, su autor, el destacado periodista solede\u00f1o, profesor de la <strong>Universidad Sergio Arboleda<\/strong> y escritor, <strong>Fausto P\u00e9rez Villarreal,<\/strong> junto a <strong>V\u00edctor Gonz\u00e1lez Solano<\/strong> hicieron la presentaci\u00f3n del m\u00e1s reciente trabajo literario de este peque\u00f1o gigante de las letras caribes.<\/p>\n<p>La presentaci\u00f3n se inici\u00f3 con la intervenci\u00f3n de Alfonso \u00c1vila, representante de<strong> SantaB\u00e1rbara Editores<\/strong> y estuvo apoyada con un video en el que se mostraron im\u00e1genes de las m\u00e1s recordadas presentaciones de Richie y Bobby en Barranquilla, adem\u00e1s, fotograf\u00edas, recortes de prensa y testimonios de personajes ligados a la m\u00fasica y al espect\u00e1culo de diferentes \u00e9pocas.<\/p>\n<p><img loading=\"lazy\" decoding=\"async\" class=\"alignleft size-full wp-image-13260\" src=\"https:\/\/contrastes.com.co\/digital\/wp-content\/uploads\/2023\/02\/librofausto2.jpg\" alt=\"librofausto2\" width=\"312\" height=\"457\" srcset=\"https:\/\/contrastes.com.co\/digital\/wp-content\/uploads\/2023\/02\/librofausto2.jpg 312w, https:\/\/contrastes.com.co\/digital\/wp-content\/uploads\/2023\/02\/librofausto2-205x300.jpg 205w\" sizes=\"auto, (max-width: 312px) 100vw, 312px\" \/>Durante el lanzamiento de este, el vig\u00e9simo libro que escribe P\u00e9rez Villarreal, se hizo \u00e9nfasis en el hecho que, fue Barranquilla la primera ciudad de Suram\u00e9rica donde se presentaron los llamados \u201cMamitos\u201d, lo cual aconteci\u00f3 entre los d\u00edas 24 al 27 de febrero de 1968 con motivo de las festividades de Carnaval de ese a\u00f1o. As\u00ed mismo se hizo una semblanza de los m\u00fasicos que acompa\u00f1aron a estos colosos de la m\u00fasica afroantillana en esa primera presentaci\u00f3n en tierras suramericanas.<\/p>\n<p>Seg\u00fan los fidedignos datos que aparecen en el mencionado libro, los llamados Reyes de la Salsa se presentaron en Barranquilla, con entrada gratuita en cuatro sitios. Inicialmente en el llamado Parque de los Locutores, en la calle Murillo con carrera 41; luego en el estadero El Manara, en la calle 72 entre carreras 49 y 50; posteriormente en \u201cSiete Bocas\u201d, en la carrera 41 con calle 64 y finalmente a un lado del entonces llamado <strong>Coliseo Cubierto Humberto Perea<\/strong>. Los d\u00edas s\u00e1bado, domingo y lunes de Carnaval en horario nocturno, lo hicieron en la Sal\u00f3n Veracruz de la calle 53 entre carreras 46 y 50.<\/p>\n<p>Teniendo en cuenta lo anterior, Barranquilla fue la puerta de entrada de esta importante orquesta a nuestro pa\u00eds y al subcontinente. Se detall\u00f3 que, un mes m\u00e1s tarde dichos m\u00fasicos se presentaron en Caracas y posteriormente en la feria de Cali de ese mismo a\u00f1o, en el mes de diciembre. El tema queda zanjado, porque se han hecho algunas afirmaciones y conjeturas acerca de cu\u00e1ndo hab\u00edan estado por primera vez Richie Ray con Bobby Cruz en Colombia y se lleg\u00f3 a decir que ello hab\u00eda sucedido en la ciudad de Cali.<\/p>\n<p>Entre los asistentes al lanzamiento del libro<strong> \u201cRichie &amp; Bobby en el coraz\u00f3n de Barranquilla\u201d<\/strong> estuvieron los periodistas Alberto Ag\u00e1mez, Jaime de la Hoz Simanca, N\u00e9stor Emiro G\u00f3mez y Wilfrido Cantillo, as\u00ed como estudiantes de Comunicaci\u00f3n Social de la Universidad Sergio Arboleda y un grupo de mel\u00f3manos de la ciudad, entre ellos el investigador musical Andr\u00e9s Campo Uribe quien fue el encargado de suministrar la discograf\u00eda que contiene el libro.<\/p>\n","protected":false},"excerpt":{"rendered":"<p>En una noche fresca y en compa\u00f1\u00eda de un pu\u00f1ado de sus amigos, su autor, el destacado periodista solede\u00f1o, profesor de la Universidad Sergio Arboleda y escritor, Fausto P\u00e9rez Villarreal, junto a V\u00edctor Gonz\u00e1lez Solano hicieron la presentaci\u00f3n del m\u00e1s reciente trabajo literario de este peque\u00f1o gigante de las letras caribes.<\/p>\n","protected":false},"author":1,"featured_media":13259,"comment_status":"open","ping_status":"open","sticky":false,"template":"","format":"standard","meta":{"footnotes":""},"categories":[64,5407,2,11,2047,4,6],"tags":[8838,8839,8835,8834,8837,8836],"class_list":["post-13258","post","type-post","status-publish","format-standard","has-post-thumbnail","hentry","category-cultura","category-libros","category-locales","category-mundo","category-musica","category-pais","category-region","tag-richie-bobby-en-el-corazon-de-barranquilla","tag-coliseo-cubierto-humberto-perea","tag-fausto-perez-villarreal","tag-lanzamiento-libro","tag-santabarbara-editores","tag-victor-gonzalez-solano"],"_links":{"self":[{"href":"https:\/\/contrastes.com.co\/digital\/wp-json\/wp\/v2\/posts\/13258","targetHints":{"allow":["GET"]}}],"collection":[{"href":"https:\/\/contrastes.com.co\/digital\/wp-json\/wp\/v2\/posts"}],"about":[{"href":"https:\/\/contrastes.com.co\/digital\/wp-json\/wp\/v2\/types\/post"}],"author":[{"embeddable":true,"href":"https:\/\/contrastes.com.co\/digital\/wp-json\/wp\/v2\/users\/1"}],"replies":[{"embeddable":true,"href":"https:\/\/contrastes.com.co\/digital\/wp-json\/wp\/v2\/comments?post=13258"}],"version-history":[{"count":1,"href":"https:\/\/contrastes.com.co\/digital\/wp-json\/wp\/v2\/posts\/13258\/revisions"}],"predecessor-version":[{"id":13261,"href":"https:\/\/contrastes.com.co\/digital\/wp-json\/wp\/v2\/posts\/13258\/revisions\/13261"}],"wp:featuredmedia":[{"embeddable":true,"href":"https:\/\/contrastes.com.co\/digital\/wp-json\/wp\/v2\/media\/13259"}],"wp:attachment":[{"href":"https:\/\/contrastes.com.co\/digital\/wp-json\/wp\/v2\/media?parent=13258"}],"wp:term":[{"taxonomy":"category","embeddable":true,"href":"https:\/\/contrastes.com.co\/digital\/wp-json\/wp\/v2\/categories?post=13258"},{"taxonomy":"post_tag","embeddable":true,"href":"https:\/\/contrastes.com.co\/digital\/wp-json\/wp\/v2\/tags?post=13258"}],"curies":[{"name":"wp","href":"https:\/\/api.w.org\/{rel}","templated":true}]}}