{"id":13290,"date":"2023-02-22T17:37:27","date_gmt":"2023-02-22T22:37:27","guid":{"rendered":"https:\/\/contrastes.com.co\/digital\/?p=13290"},"modified":"2023-02-23T17:07:12","modified_gmt":"2023-02-23T22:07:12","slug":"colombia-hoy-radio-miercoles-22-de-febrero-2023","status":"publish","type":"post","link":"https:\/\/contrastes.com.co\/digital\/colombia-hoy-radio-miercoles-22-de-febrero-2023\/","title":{"rendered":"Colombia Hoy Radio (Mi\u00e9rcoles 22 de febrero 2023)"},"content":{"rendered":"<p><strong>*Colombia Hoy Radio (Mi\u00e9rcoles 22 de febrero 2023)<\/strong><\/p>\n<p>Este es el Informativo de los colombianos: Colombia Hoy Radio, correspondiente al mi\u00e9rcoles 22 de febrero de 2023. La noticia directamente de donde sale,<\/p>\n<p><iframe loading=\"lazy\" title=\"Colombia Hoy Radio, 22 de febrero de 2023\" width=\"640\" height=\"360\" src=\"https:\/\/www.youtube.com\/embed\/221RmO1PxY4?start=3520&#038;feature=oembed\" frameborder=\"0\" allow=\"accelerometer; autoplay; clipboard-write; encrypted-media; gyroscope; picture-in-picture; web-share\" referrerpolicy=\"strict-origin-when-cross-origin\" allowfullscreen><\/iframe><\/p>\n<p><strong> Informativo Colombia Hoy para estar verdaderamente informados.<\/strong> La voz de los colombianos desde cada rinc\u00f3n del pa\u00eds. Y contrastes.com.co se suma a esta iniciativa del gobierno nacional y el Ministerio de Tecnolog\u00edas. Cada d\u00eda estaremos emitiendo el Informativo Colombia Hoy porque somos el enlace para Soledad y el Atl\u00e1ntico&#8230;<\/p>\n","protected":false},"excerpt":{"rendered":"<p>*Colombia Hoy Radio (Mi\u00e9rcoles 22 de febrero 2023) Este es el Informativo de los colombianos: Colombia Hoy Radio, correspondiente al mi\u00e9rcoles 22 de febrero de 2023. La noticia directamente de donde sale, Informativo Colombia Hoy para estar verdaderamente informados. La voz de los colombianos desde cada rinc\u00f3n del pa\u00eds. Y contrastes.com.co se suma a esta [&hellip;]<\/p>\n","protected":false},"author":1,"featured_media":13291,"comment_status":"open","ping_status":"open","sticky":false,"template":"","format":"standard","meta":{"footnotes":""},"categories":[8887,4,6,4995],"tags":[8857,8858,3841,8859],"class_list":["post-13290","post","type-post","status-publish","format-standard","has-post-thumbnail","hentry","category-colombia-hoy","category-pais","category-region","category-television-web","tag-informativo-colombia-hoy","tag-noticiero-nacional","tag-presidencia-de-la-republica","tag-television"],"_links":{"self":[{"href":"https:\/\/contrastes.com.co\/digital\/wp-json\/wp\/v2\/posts\/13290","targetHints":{"allow":["GET"]}}],"collection":[{"href":"https:\/\/contrastes.com.co\/digital\/wp-json\/wp\/v2\/posts"}],"about":[{"href":"https:\/\/contrastes.com.co\/digital\/wp-json\/wp\/v2\/types\/post"}],"author":[{"embeddable":true,"href":"https:\/\/contrastes.com.co\/digital\/wp-json\/wp\/v2\/users\/1"}],"replies":[{"embeddable":true,"href":"https:\/\/contrastes.com.co\/digital\/wp-json\/wp\/v2\/comments?post=13290"}],"version-history":[{"count":1,"href":"https:\/\/contrastes.com.co\/digital\/wp-json\/wp\/v2\/posts\/13290\/revisions"}],"predecessor-version":[{"id":13292,"href":"https:\/\/contrastes.com.co\/digital\/wp-json\/wp\/v2\/posts\/13290\/revisions\/13292"}],"wp:featuredmedia":[{"embeddable":true,"href":"https:\/\/contrastes.com.co\/digital\/wp-json\/wp\/v2\/media\/13291"}],"wp:attachment":[{"href":"https:\/\/contrastes.com.co\/digital\/wp-json\/wp\/v2\/media?parent=13290"}],"wp:term":[{"taxonomy":"category","embeddable":true,"href":"https:\/\/contrastes.com.co\/digital\/wp-json\/wp\/v2\/categories?post=13290"},{"taxonomy":"post_tag","embeddable":true,"href":"https:\/\/contrastes.com.co\/digital\/wp-json\/wp\/v2\/tags?post=13290"}],"curies":[{"name":"wp","href":"https:\/\/api.w.org\/{rel}","templated":true}]}}