{"id":13361,"date":"2023-02-24T20:11:30","date_gmt":"2023-02-25T01:11:30","guid":{"rendered":"https:\/\/contrastes.com.co\/digital\/?p=13361"},"modified":"2023-02-24T20:11:59","modified_gmt":"2023-02-25T01:11:59","slug":"conversaciones-ciudadanas-un-balance-del-carnaval-2023-por-juan-altamar-santodomingo","status":"publish","type":"post","link":"https:\/\/contrastes.com.co\/digital\/conversaciones-ciudadanas-un-balance-del-carnaval-2023-por-juan-altamar-santodomingo\/","title":{"rendered":"Conversaciones Ciudadanas: Un balance del Carnaval 2023\u00a0\/ Por Juan Altamar Santodomingo"},"content":{"rendered":"<p><strong>*Conversaciones Ciudadanas: Un balance del Carnaval 2023\u00a0<\/strong><\/p>\n<blockquote><p><strong>Es cierto que el disfraz es esfuerzo individual del carnavalero, entonces la cr\u00edtica a las entidades p\u00fablicas es v\u00e1lida, porque pareciera que el arte y la cultura son hijas de menos mae. Tienen raz\u00f3n cuando expresan que los hacedores no reciben incentivos, no les llegan o son precarios; tal vez por desd\u00e9n gubernativo de funcionarios asignados para el tema, que se visten con el disfraz de ineficientes, o peor, se empoderan y llegan a la incompetencia de la competencia.<\/strong><\/p><\/blockquote>\n<p><strong><img loading=\"lazy\" decoding=\"async\" class=\"alignleft size-full wp-image-9583\" src=\"https:\/\/contrastes.com.co\/digital\/wp-content\/uploads\/2022\/05\/juan-altamar.png\" alt=\"juan altamar\" width=\"100\" height=\"106\" \/><\/strong><\/p>\n<p>&nbsp;<\/p>\n<p><strong>Por Juan Altamar Santodomingo<\/strong><\/p>\n<p>&nbsp;<\/p>\n<p>&nbsp;<\/p>\n<p><img loading=\"lazy\" decoding=\"async\" class=\"alignleft wp-image-8758\" src=\"https:\/\/contrastes.com.co\/digital\/wp-content\/uploads\/2022\/04\/d-capitular.png\" alt=\"\" width=\"76\" height=\"76\" srcset=\"https:\/\/contrastes.com.co\/digital\/wp-content\/uploads\/2022\/04\/d-capitular.png 100w, https:\/\/contrastes.com.co\/digital\/wp-content\/uploads\/2022\/04\/d-capitular-60x60.png 60w\" sizes=\"auto, (max-width: 76px) 100vw, 76px\" \/>esde hace varios a\u00f1os el grito de combate del carnaval es: \u00a1Quien lo Vive es Quien lo goza \u00a1 . Ya estamos en cuaresma y se escuchan voces inconformes, hasta apocal\u00edpticas afirmaciones con premoniciones de \u201cse acab\u00f3, se termin\u00f3, lo acabaron\u201d.<\/p>\n<p>Retumba, como el cuero de tamb\u00f3 validas cr\u00edticas sobre fallas m\u00faltiples, y predominan, porque resaltan lo malo y se\u00f1alan culpables. Un contertulio me enumer\u00f3 su glosario de fallas; cuando llevaba como diez le pregunt\u00e9: a que eventos de carnaval asististe \u2013me dijo- yo no pierdo el tiempo en eso, bueno compa-le dije- es que Quien lo vive es quien lo goza.<\/p>\n<p>No tienen raz\u00f3n quienes afirman que el pueblo ya no asiste a los eventos, por lo siguiente: focalizan solo Batalla de Flores y Desfile de Fantas\u00eda como \u00fanicos eventos multitudinarios, que se comercializ\u00f3 e internacionaliz\u00f3, pero olvidan los dem\u00e1s, donde concurre tanta o m\u00e1s gente en el bordillo, tales como: Desfile sur occidente, desfile Carlos Franco, Desfile la 44, desfile la 17, carnaval de los ni\u00f1os.<\/p>\n<p>Otras voces dicen ese est\u00e1n acabando los disfraces, sin recordar que ahora siguen los de siempre: mono cuco, marimonda individual y comparsas, los animales de la selva, la enfermera, el descabezado, etc., y hay disfraces de personajes nuevos, fabulas de pel\u00edculas recientes etc.<\/p>\n<p>Adem\u00e1s, comparsas y disfraces de muchos municipios del Atl\u00e1ntico, Bol\u00edvar y Magdalena; tambi\u00e9n garabatos, danzas de relaci\u00f3n, inclusive de otros pa\u00edses. El mayor proveedor de agrupaciones a los desfiles en Barranquilla es Soledad, que tambi\u00e9n hace presencia en Santo Tom\u00e1s.<\/p>\n<p>M\u00e1s del cincuenta por ciento de tamboras, millos, gaitas provienen de municipios y de Soledad. Es cierto que el disfraz es esfuerzo individual del carnavalero, entonces la cr\u00edtica a las entidades p\u00fablicas es v\u00e1lida, porque pareciera que el arte y la cultura son hijas de menos mae.<\/p>\n<p>Tienen raz\u00f3n cuando expresan que los hacedores no reciben incentivos, no les llegan o son precarios; tal vez por desd\u00e9n gubernativo de funcionarios asignados para el tema, que se visten con el disfraz de ineficientes, o peor, se empoderan y llegan a la incompetencia de la competencia.<\/p>\n<p>No se puede comparar la calidad de aquellos festivales de orquestas donde se presentaba Joe Arroyo, Adolfo Echeverr\u00eda, Los Martelo y otros tan sobresalientes, generaci\u00f3n que despu\u00e9s se enriqueci\u00f3 con aquellas nuevas estrellas de la costa: Banana, Checo Acosta, Los In\u00e9ditos, en fin. Las agrupaciones extranjeras eran sensaci\u00f3n; Gran Combo, Cuco Valoy; Los Hermanos Rosario, Mel\u00f3dicos, Billos; los vallenatos: Diomedes, Rafael Orozco, Jorge O\u00f1ate, Los Betos, Daniel Celedon, todos grandes e inolvidables.<\/p>\n<p>Hoy ya las estrellas no participan en la tarima del Festival de Orquestas, los due\u00f1os de espect\u00e1culos dejaron de inscribir los grupos que contratan; entonces l\u00f3gico, si los artistas grandes que quedan vivos no se presentan, por el motivo que expongan, la calidad es diferente. Pero en estos tiempos se realiza el Festival Noche de Orquestas, en el que concursan nuevos exponentes, que llegaran a ser estrellas.<\/p>\n<h3>Hay que mejorar. S\u00ed; \u00bfen qu\u00e9?<\/h3>\n<p>1.- Apoyo con incentivos a los hacedores.<\/p>\n<p>2.- Organizando mejor la log\u00edstica de los eventos.<\/p>\n<p>3.-Estableciendo nuevas reglas que comprometan a caseteros y artistas a participar, brindado apoyo b\u00e1sico a quienes hacen el espect\u00e1culo en Festival de Orquestas y Noche de Orquestas.<\/p>\n<p>4.- Motivando nuevas expresiones de carnestolendas;<\/p>\n<p>5.- Apoyando el emprendimiento cultural y el fortalecimiento del turismo, para generar ingresos y sumarle valor a lo nuestro<\/p>\n<p>6.-Dando organizaci\u00f3n Metropolitana del Carnaval en Barranquilla.<\/p>\n<p>7.- Nunca olvidar que: Quien lo vive es Quien lo Goza.<\/p>\n","protected":false},"excerpt":{"rendered":"<p>Desde hace varios a\u00f1os el grito de combate del carnaval es: \u00a1Quien lo Vive es Quien lo goza \u00a1 . Ya estamos en cuaresma y se escuchan voces inconformes, hasta apocal\u00edpticas afirmaciones con premoniciones de \u201cse acab\u00f3, se termin\u00f3, lo acabaron\u201d.<\/p>\n","protected":false},"author":1,"featured_media":13362,"comment_status":"open","ping_status":"open","sticky":false,"template":"","format":"standard","meta":{"footnotes":""},"categories":[85,1769,2378,64,2,235,4,6],"tags":[8892,8893,1857,8075,5946],"class_list":["post-13361","post","type-post","status-publish","format-standard","has-post-thumbnail","hentry","category-analisis","category-carnaval","category-columnistas","category-cultura","category-locales","category-opinion","category-pais","category-region","tag-analisis-carnaval","tag-balance-del-carnaval","tag-carnaval-de-barranquilla","tag-conversaciones-ciudadanas","tag-juan-altamar-santodomingo"],"_links":{"self":[{"href":"https:\/\/contrastes.com.co\/digital\/wp-json\/wp\/v2\/posts\/13361","targetHints":{"allow":["GET"]}}],"collection":[{"href":"https:\/\/contrastes.com.co\/digital\/wp-json\/wp\/v2\/posts"}],"about":[{"href":"https:\/\/contrastes.com.co\/digital\/wp-json\/wp\/v2\/types\/post"}],"author":[{"embeddable":true,"href":"https:\/\/contrastes.com.co\/digital\/wp-json\/wp\/v2\/users\/1"}],"replies":[{"embeddable":true,"href":"https:\/\/contrastes.com.co\/digital\/wp-json\/wp\/v2\/comments?post=13361"}],"version-history":[{"count":1,"href":"https:\/\/contrastes.com.co\/digital\/wp-json\/wp\/v2\/posts\/13361\/revisions"}],"predecessor-version":[{"id":13363,"href":"https:\/\/contrastes.com.co\/digital\/wp-json\/wp\/v2\/posts\/13361\/revisions\/13363"}],"wp:featuredmedia":[{"embeddable":true,"href":"https:\/\/contrastes.com.co\/digital\/wp-json\/wp\/v2\/media\/13362"}],"wp:attachment":[{"href":"https:\/\/contrastes.com.co\/digital\/wp-json\/wp\/v2\/media?parent=13361"}],"wp:term":[{"taxonomy":"category","embeddable":true,"href":"https:\/\/contrastes.com.co\/digital\/wp-json\/wp\/v2\/categories?post=13361"},{"taxonomy":"post_tag","embeddable":true,"href":"https:\/\/contrastes.com.co\/digital\/wp-json\/wp\/v2\/tags?post=13361"}],"curies":[{"name":"wp","href":"https:\/\/api.w.org\/{rel}","templated":true}]}}