{"id":13366,"date":"2023-02-27T12:17:43","date_gmt":"2023-02-27T17:17:43","guid":{"rendered":"https:\/\/contrastes.com.co\/digital\/?p=13366"},"modified":"2023-02-27T12:17:43","modified_gmt":"2023-02-27T17:17:43","slug":"soledad-campeon-invicto-del-torneo-intermunicipal-de-la-liga-de-futbol-del-atlantico","status":"publish","type":"post","link":"https:\/\/contrastes.com.co\/digital\/soledad-campeon-invicto-del-torneo-intermunicipal-de-la-liga-de-futbol-del-atlantico\/","title":{"rendered":"Soledad, campe\u00f3n invicto del Torneo Intermunicipal de la Liga de F\u00fatbol del Atl\u00e1ntico"},"content":{"rendered":"<p><strong>Soledad, campe\u00f3n invicto del Torneo Intermunicipal de la Liga de F\u00fatbol del Atl\u00e1ntico<\/strong><\/p>\n<blockquote><p><strong>\u00abNos enorgullecen estos logros porque sabemos lo que representa el deporte para nuestra juventud, por ello incentivamos estos espacios\u00bb, indic\u00f3 el alcalde de Soledad Rodolfo Ucr\u00f3s Rosales Soledad<\/strong><\/p><\/blockquote>\n<p><img loading=\"lazy\" decoding=\"async\" class=\"alignleft  wp-image-8524\" src=\"https:\/\/contrastes.com.co\/digital\/wp-content\/uploads\/2022\/03\/l-capitular.png\" alt=\"l capitular\" width=\"60\" height=\"60\" srcset=\"https:\/\/contrastes.com.co\/digital\/wp-content\/uploads\/2022\/03\/l-capitular.png 150w, https:\/\/contrastes.com.co\/digital\/wp-content\/uploads\/2022\/03\/l-capitular-60x60.png 60w\" sizes=\"auto, (max-width: 60px) 100vw, 60px\" \/>a <strong>selecci\u00f3n de f\u00fatbol de Soledad, categor\u00eda 2009,<\/strong> se qued\u00f3 con el t\u00edtulo de la categor\u00eda 2009, tras vencer 2-0 a Barranquilla \u2018A\u2019, en el <strong>estadio V\u00edctor Danilo Pachec<\/strong>o, en el <strong>municipio de Suan<\/strong>. El combinado solede\u00f1o se alz\u00f3 con el campeonato gracias a dos golazos de Mois\u00e9s Solano; el primero de las dianas del solede\u00f1o se produjo tras un gran un cobro de tiro libre, mientras que el segundo fue el resultado de un puntazo desde el borde del \u00e1rea que clav\u00f3 en el \u00e1ngulo superior derecho.<\/p>\n<p><img loading=\"lazy\" decoding=\"async\" class=\"size-full wp-image-13368 aligncenter\" src=\"https:\/\/contrastes.com.co\/digital\/wp-content\/uploads\/2023\/02\/soledadfutbol2.jpg\" alt=\"soledadcampeon2\" width=\"1200\" height=\"783\" srcset=\"https:\/\/contrastes.com.co\/digital\/wp-content\/uploads\/2023\/02\/soledadfutbol2.jpg 1200w, https:\/\/contrastes.com.co\/digital\/wp-content\/uploads\/2023\/02\/soledadfutbol2-300x196.jpg 300w, https:\/\/contrastes.com.co\/digital\/wp-content\/uploads\/2023\/02\/soledadfutbol2-1024x668.jpg 1024w, https:\/\/contrastes.com.co\/digital\/wp-content\/uploads\/2023\/02\/soledadfutbol2-768x501.jpg 768w\" sizes=\"auto, (max-width: 1200px) 100vw, 1200px\" \/><\/p>\n<p>Por su parte el <strong>alcalde de Soledad, Rodolfo Ucr\u00f3s Rosales<\/strong> destac\u00f3 la participaci\u00f3n de los adolescentes. \u00abNos enorgullecen estos logros porque sabemos lo que representa el deporte para nuestra juventud, por ello incentivamos estos espacios\u00bb, indic\u00f3 el mandatario.<\/p>\n<p>El cuerpo t\u00e9cnico del equipo est\u00e1 conformado por Erick Bovea, William Cervantes y Alcides Rolong. \u00abCabe resaltar que es la primera vez que un equipo solede\u00f1o se corona campe\u00f3n en esta categor\u00eda, seguiremos trabajando en pro del deporte en Soledad\u00bb, precis\u00f3 el secretario de Deportes, Rafael Rodr\u00edguez, quien acompa\u00f1\u00f3 al equipo a\u00a0la\u00a0gran\u00a0final.<\/p>\n","protected":false},"excerpt":{"rendered":"<p>La selecci\u00f3n de f\u00fatbol de Soledad, categor\u00eda 2009, se qued\u00f3 con el t\u00edtulo de la categor\u00eda 2009, tras vencer 2-0 a Barranquilla \u2018A\u2019, en el Estadio V\u00edctor Danilo Pacheco, en el municipio de Suan. El combinado solede\u00f1o se alz\u00f3 con el campeonato de la categor\u00eda 2009, tras vencer 2-0 a Barranquilla \u2018A\u2019 en la gran final, que se disput\u00f3 en el estadio V\u00edctor Danilo Pacheco, del municipio de Suan, gracias a dos golazos de Mois\u00e9s Solano; el primero de las dianas del solede\u00f1o se produjo tras un gran un cobro de tiro libre, mientras que el segundo fue el resultado de un puntazo desde el borde del \u00e1rea que clav\u00f3 en el \u00e1ngulo superior derecho.<\/p>\n","protected":false},"author":1,"featured_media":13367,"comment_status":"open","ping_status":"open","sticky":false,"template":"","format":"standard","meta":{"footnotes":""},"categories":[8,2148,5045,2,6],"tags":[131,8895,8897,38,1848,8896,8894],"class_list":["post-13366","post","type-post","status-publish","format-standard","has-post-thumbnail","hentry","category-deportes","category-eventos","category-futbol","category-locales","category-region","tag-alcalde-de-soledad","tag-campeon","tag-categoria-2009","tag-municipio-de-soledad","tag-rodolfo-ucros-rosales","tag-seleccion-de-futbol-de-soledad","tag-torneo-intermunicipal-de-la-liga-de-futbol-del-atlantico"],"_links":{"self":[{"href":"https:\/\/contrastes.com.co\/digital\/wp-json\/wp\/v2\/posts\/13366","targetHints":{"allow":["GET"]}}],"collection":[{"href":"https:\/\/contrastes.com.co\/digital\/wp-json\/wp\/v2\/posts"}],"about":[{"href":"https:\/\/contrastes.com.co\/digital\/wp-json\/wp\/v2\/types\/post"}],"author":[{"embeddable":true,"href":"https:\/\/contrastes.com.co\/digital\/wp-json\/wp\/v2\/users\/1"}],"replies":[{"embeddable":true,"href":"https:\/\/contrastes.com.co\/digital\/wp-json\/wp\/v2\/comments?post=13366"}],"version-history":[{"count":1,"href":"https:\/\/contrastes.com.co\/digital\/wp-json\/wp\/v2\/posts\/13366\/revisions"}],"predecessor-version":[{"id":13369,"href":"https:\/\/contrastes.com.co\/digital\/wp-json\/wp\/v2\/posts\/13366\/revisions\/13369"}],"wp:featuredmedia":[{"embeddable":true,"href":"https:\/\/contrastes.com.co\/digital\/wp-json\/wp\/v2\/media\/13367"}],"wp:attachment":[{"href":"https:\/\/contrastes.com.co\/digital\/wp-json\/wp\/v2\/media?parent=13366"}],"wp:term":[{"taxonomy":"category","embeddable":true,"href":"https:\/\/contrastes.com.co\/digital\/wp-json\/wp\/v2\/categories?post=13366"},{"taxonomy":"post_tag","embeddable":true,"href":"https:\/\/contrastes.com.co\/digital\/wp-json\/wp\/v2\/tags?post=13366"}],"curies":[{"name":"wp","href":"https:\/\/api.w.org\/{rel}","templated":true}]}}