{"id":1337,"date":"2020-06-08T21:14:11","date_gmt":"2020-06-09T02:14:11","guid":{"rendered":"https:\/\/contrastes.com.co\/digital\/?p=1337"},"modified":"2020-07-02T23:06:20","modified_gmt":"2020-07-03T04:06:20","slug":"con-nuevos-contenidos-para-radio-gobernacion-del-atlantico-fortalece-escuela-en-casa","status":"publish","type":"post","link":"https:\/\/contrastes.com.co\/digital\/con-nuevos-contenidos-para-radio-gobernacion-del-atlantico-fortalece-escuela-en-casa\/","title":{"rendered":"Nuevos contenidos radiales para fortalecer \u2018Escuela en Casa\u2019"},"content":{"rendered":"<blockquote><p><strong>\u2022 Con el apoyo de aliados como Children International, el Programa Ondas, Grupo Apolo, Circulo Abierto y el Sena se transmitir\u00e1n diferentes contenidos educativos para 16 emisoras comunitarias en todo el departamento.<\/strong><br \/>\n<strong>\u2022 La gobernadora, Elsa Noguera visit\u00f3 la emisora comunitaria Radio Est\u00e9reo en el municipio de Polonuevo y particip\u00f3 en la emisi\u00f3n del programa \u201cEscuela Pablista en Casa\u201d, liderado por la Instituci\u00f3n Educativa San Pablo de Polonuevo.<\/strong><\/p><\/blockquote>\n<p><img loading=\"lazy\" decoding=\"async\" class=\"alignleft  wp-image-584\" src=\"https:\/\/contrastes.com.co\/digital\/wp-content\/uploads\/2020\/04\/l-capitular.png\" alt=\"l capitular\" width=\"81\" height=\"81\" srcset=\"https:\/\/contrastes.com.co\/digital\/wp-content\/uploads\/2020\/04\/l-capitular.png 100w, https:\/\/contrastes.com.co\/digital\/wp-content\/uploads\/2020\/04\/l-capitular-60x60.png 60w\" sizes=\"auto, (max-width: 81px) 100vw, 81px\" \/>a gobernadora del Atl\u00e1ntico, Elsa Noguera, anunci\u00f3 hoy nuevas alianzas para emitir contenidos pedag\u00f3gicos a trav\u00e9s de las emisoras comunitarias y as\u00ed fortalecer el programa \u2018Escuela en casa\u2019 y seguir llegando a m\u00e1s estudiantes a pesar de la pandemia.<\/p>\n<p>Durante una visita a la emisi\u00f3n del programa radial \u2018Escuela en Casa Pablista\u2019, de la instituci\u00f3n educativa San Pablo de Polonuevo, que se emite a trav\u00e9s de la emisora comunitaria Radio Est\u00e9reo, la Gobernadora anunci\u00f3 nuevos contenidos para 16 emisoras comunitarias, que permitir\u00e1n el fortalecimiento de las competencias durante dos horas semanales para 107.364 estudiantes.<\/p>\n<p><img loading=\"lazy\" decoding=\"async\" class=\"size-full wp-image-1339 aligncenter\" src=\"https:\/\/contrastes.com.co\/digital\/wp-content\/uploads\/2020\/06\/escuela-en-casa-2.jpg\" alt=\"escuela en casa 2\" width=\"975\" height=\"470\" srcset=\"https:\/\/contrastes.com.co\/digital\/wp-content\/uploads\/2020\/06\/escuela-en-casa-2.jpg 975w, https:\/\/contrastes.com.co\/digital\/wp-content\/uploads\/2020\/06\/escuela-en-casa-2-300x145.jpg 300w, https:\/\/contrastes.com.co\/digital\/wp-content\/uploads\/2020\/06\/escuela-en-casa-2-768x370.jpg 768w, https:\/\/contrastes.com.co\/digital\/wp-content\/uploads\/2020\/06\/escuela-en-casa-2-124x60.jpg 124w\" sizes=\"auto, (max-width: 975px) 100vw, 975px\" \/><\/p>\n<p>\u201cSeguimos diversificando la forma de llegar a nuestros estudiantes en medio de la emergencia sanitaria, por eso con nuestros rectores, docentes y padres de familia hacemos equipo para que nuestros estudiantes sigan su proceso de aprendizaje. Tendremos nuevos contenidos para 16 emisoras en los municipios de Galapa, Baranoa, Polonuevo, Repel\u00f3n, Usiacur\u00ed, Santo Tom\u00e1s Campo de la Cruz, Juan de Acosta, Sabanalarga, Puerto Colombia, Tubar\u00e1, Ponedera, Suan, Manat\u00ed, Luruaco y Candelaria\u201d, dijo Elsa Noguera.<\/p>\n<p>Entre los aliados que acompa\u00f1ar\u00e1n la estrategia de Escuela en Casa a trav\u00e9s de emisoras comunitarias est\u00e1n la fundaci\u00f3n Circulo Abierto con un componente de literatura y un espacio de una hora semanal, con contenidos que estimulan a los estudiantes y aumenta sus habilidades lectoras, a trav\u00e9s de clubes de lectura; as\u00ed como un componente de formaci\u00f3n a 700 docentes de las instituciones educativas oficiales del departamento.<\/p>\n<p>El programa Ondas coordinado por la Universidad Sim\u00f3n Bol\u00edvar tendr\u00e1 un magaz\u00edn radial que a trav\u00e9s de varias secciones, cr\u00f3nicas, entrevistas y experimentos presentar\u00e1 las historias y proyectos de investigaci\u00f3n de los ni\u00f1os Ondas del Atl\u00e1ntico y el resto del pa\u00eds, dirigido a estudiantes con edades entre los 9 y 16 a\u00f1os.<\/p>\n<p>Children International, organizaci\u00f3n internacional con m\u00e1s de 30 a\u00f1os en Colombia orientada a trabajar en los territorios las \u00e1reas de educaci\u00f3n y salud, tendr\u00e1 un espacio de una hora semanal para trabajar contenidos respecto a temas de resiliencia, empat\u00eda, liderazgo y toma de decisiones.<\/p>\n<p>Pencora Kids ser\u00e1 el programa radial donde se desarrollan las competencias cognitivas tales como: pensamiento, comunicaci\u00f3n y razonamiento para los ni\u00f1os de 5 a 8 a\u00f1os. Igualmente se busca mediante estos programas desarrollar competencias afectivas y sociales.<\/p>\n<p>La Fundaci\u00f3n Apolo acompa\u00f1ar\u00e1 con el programa \u201cEste es mi espacio\u201d donde se tendr\u00e1n contenidos de ciencia, tecnolog\u00eda e innovaci\u00f3n, con un lenguaje ameno y divertido, para los estudiantes tanto de la b\u00e1sica como de la media.<\/p>\n<p>Y por \u00faltimo, en alianza con el Sena se busca articular contenidos de programas vocacionales para el fortalecimiento de la media en los grados 10 y 11. A la fecha, 7.621 estudiantes se encuentran en programas de articulaci\u00f3n SENA con la educaci\u00f3n media, adelantando programas t\u00e9cnicos como: sistemas, producci\u00f3n agropecuaria, manejo ambiental, recursos humanos, an\u00e1lisis de muestra qu\u00edmicas, entre otros.<\/p>\n<p><img loading=\"lazy\" decoding=\"async\" class=\"size-full wp-image-1340 aligncenter\" src=\"https:\/\/contrastes.com.co\/digital\/wp-content\/uploads\/2020\/06\/escuela-en-casa-4.jpg\" alt=\"escuela en casa 3\" width=\"975\" height=\"470\" srcset=\"https:\/\/contrastes.com.co\/digital\/wp-content\/uploads\/2020\/06\/escuela-en-casa-4.jpg 975w, https:\/\/contrastes.com.co\/digital\/wp-content\/uploads\/2020\/06\/escuela-en-casa-4-300x145.jpg 300w, https:\/\/contrastes.com.co\/digital\/wp-content\/uploads\/2020\/06\/escuela-en-casa-4-768x370.jpg 768w, https:\/\/contrastes.com.co\/digital\/wp-content\/uploads\/2020\/06\/escuela-en-casa-4-124x60.jpg 124w\" sizes=\"auto, (max-width: 975px) 100vw, 975px\" \/><\/p>\n","protected":false},"excerpt":{"rendered":"<p>\u2022 Con el apoyo de aliados como Children International, el Programa Ondas, Grupo Apolo, Circulo Abierto y el Sena se transmitir\u00e1n diferentes contenidos educativos para 16 emisoras comunitarias en todo el departamento. \u2022 La gobernadora, Elsa Noguera visit\u00f3 la emisora comunitaria Radio Est\u00e9reo en el municipio de Polonuevo y particip\u00f3 en la emisi\u00f3n del programa [&hellip;]<\/p>\n","protected":false},"author":1,"featured_media":1338,"comment_status":"open","ping_status":"open","sticky":false,"template":"","format":"standard","meta":{"footnotes":""},"categories":[70,163,6,9],"tags":[510,31,509,508,30,511],"class_list":["post-1337","post","type-post","status-publish","format-standard","has-post-thumbnail","hentry","category-coronavirus","category-educacion","category-region","category-tecnologia","tag-educacion-alternativa","tag-elsa-noguera","tag-emisoras-comunitarias","tag-escuela-en-casa","tag-gobernacion-del-atlantico","tag-programas-de-radio"],"_links":{"self":[{"href":"https:\/\/contrastes.com.co\/digital\/wp-json\/wp\/v2\/posts\/1337","targetHints":{"allow":["GET"]}}],"collection":[{"href":"https:\/\/contrastes.com.co\/digital\/wp-json\/wp\/v2\/posts"}],"about":[{"href":"https:\/\/contrastes.com.co\/digital\/wp-json\/wp\/v2\/types\/post"}],"author":[{"embeddable":true,"href":"https:\/\/contrastes.com.co\/digital\/wp-json\/wp\/v2\/users\/1"}],"replies":[{"embeddable":true,"href":"https:\/\/contrastes.com.co\/digital\/wp-json\/wp\/v2\/comments?post=1337"}],"version-history":[{"count":3,"href":"https:\/\/contrastes.com.co\/digital\/wp-json\/wp\/v2\/posts\/1337\/revisions"}],"predecessor-version":[{"id":1650,"href":"https:\/\/contrastes.com.co\/digital\/wp-json\/wp\/v2\/posts\/1337\/revisions\/1650"}],"wp:featuredmedia":[{"embeddable":true,"href":"https:\/\/contrastes.com.co\/digital\/wp-json\/wp\/v2\/media\/1338"}],"wp:attachment":[{"href":"https:\/\/contrastes.com.co\/digital\/wp-json\/wp\/v2\/media?parent=1337"}],"wp:term":[{"taxonomy":"category","embeddable":true,"href":"https:\/\/contrastes.com.co\/digital\/wp-json\/wp\/v2\/categories?post=1337"},{"taxonomy":"post_tag","embeddable":true,"href":"https:\/\/contrastes.com.co\/digital\/wp-json\/wp\/v2\/tags?post=1337"}],"curies":[{"name":"wp","href":"https:\/\/api.w.org\/{rel}","templated":true}]}}