{"id":13397,"date":"2023-02-28T13:39:13","date_gmt":"2023-02-28T18:39:13","guid":{"rendered":"https:\/\/contrastes.com.co\/digital\/?p=13397"},"modified":"2023-03-01T06:20:52","modified_gmt":"2023-03-01T11:20:52","slug":"colombia-hoy-radio-martes-28-de-febrero-2023","status":"publish","type":"post","link":"https:\/\/contrastes.com.co\/digital\/colombia-hoy-radio-martes-28-de-febrero-2023\/","title":{"rendered":"Colombia Hoy Radio (martes 28 de febrero 2023)"},"content":{"rendered":"<p><strong>*Colombia Hoy Radio (martes 28 de febrero 2023)<\/strong><\/p>\n<p><img loading=\"lazy\" decoding=\"async\" class=\"alignleft wp-image-8529\" src=\"https:\/\/contrastes.com.co\/digital\/wp-content\/uploads\/2022\/03\/e-capitular.png\" alt=\"e capitular\" width=\"73\" height=\"73\" srcset=\"https:\/\/contrastes.com.co\/digital\/wp-content\/uploads\/2022\/03\/e-capitular.png 150w, https:\/\/contrastes.com.co\/digital\/wp-content\/uploads\/2022\/03\/e-capitular-60x60.png 60w\" sizes=\"auto, (max-width: 73px) 100vw, 73px\" \/>ste es el Informativo de los colombianos:<strong> Colombia Hoy Radio,<\/strong> correspondiente al martes 28 de febrero de 2023. La noticia directamente de donde sale, Informativo Colombia Hoy para estar verdaderamente informados. La voz de los colombianos desde cada rinc\u00f3n del pa\u00eds. Y contrastes.com.co se suma a esta iniciativa del gobierno nacional y el Ministerio de Tecnolog\u00edas. Cada d\u00eda estaremos emitiendo el Informativo Colombia Hoy porque somos el enlace para Soledad y el Atl\u00e1ntico\u2026<\/p>\n<p><iframe loading=\"lazy\" title=\"Colombia Hoy Radio, 28 de febrero de 2023\" width=\"640\" height=\"360\" src=\"https:\/\/www.youtube.com\/embed\/4-2K2pV8yAc?feature=oembed\" frameborder=\"0\" allow=\"accelerometer; autoplay; clipboard-write; encrypted-media; gyroscope; picture-in-picture; web-share\" referrerpolicy=\"strict-origin-when-cross-origin\" allowfullscreen><\/iframe><\/p>\n<p>&nbsp;<\/p>\n<p>&nbsp;<\/p>\n<p><iframe loading=\"lazy\" src=\"https:\/\/player-cdn.logicideas.media\/embed\/LI78573b45\/\" width=\"100%\" height=\"100%\" frameborder=\"0\" scrolling=\"auto\" allowfullscreen=\"allowfullscreen\"><\/iframe><\/p>\n","protected":false},"excerpt":{"rendered":"<p>Este es el Informativo de los colombianos: Colombia Hoy Radio, correspondiente al martes 28 de febrero de 2023. La noticia directamente de donde sale, Informativo Colombia Hoy para estar verdaderamente informados. La voz de los colombianos desde cada rinc\u00f3n del pa\u00eds. Y contrastes.com.co se suma a esta iniciativa del gobierno nacional y el Ministerio de Tecnolog\u00edas. Cada d\u00eda estaremos emitiendo el Informativo Colombia Hoy porque somos el enlace para Soledad y el Atl\u00e1ntico\u2026<\/p>\n","protected":false},"author":1,"featured_media":13401,"comment_status":"open","ping_status":"open","sticky":false,"template":"","format":"standard","meta":{"footnotes":""},"categories":[8887,4,6,4995],"tags":[8857,8931,3841,4999],"class_list":["post-13397","post","type-post","status-publish","format-standard","has-post-thumbnail","hentry","category-colombia-hoy","category-pais","category-region","category-television-web","tag-informativo-colombia-hoy","tag-noticias-nacionales","tag-presidencia-de-la-republica","tag-television-web"],"_links":{"self":[{"href":"https:\/\/contrastes.com.co\/digital\/wp-json\/wp\/v2\/posts\/13397","targetHints":{"allow":["GET"]}}],"collection":[{"href":"https:\/\/contrastes.com.co\/digital\/wp-json\/wp\/v2\/posts"}],"about":[{"href":"https:\/\/contrastes.com.co\/digital\/wp-json\/wp\/v2\/types\/post"}],"author":[{"embeddable":true,"href":"https:\/\/contrastes.com.co\/digital\/wp-json\/wp\/v2\/users\/1"}],"replies":[{"embeddable":true,"href":"https:\/\/contrastes.com.co\/digital\/wp-json\/wp\/v2\/comments?post=13397"}],"version-history":[{"count":2,"href":"https:\/\/contrastes.com.co\/digital\/wp-json\/wp\/v2\/posts\/13397\/revisions"}],"predecessor-version":[{"id":13423,"href":"https:\/\/contrastes.com.co\/digital\/wp-json\/wp\/v2\/posts\/13397\/revisions\/13423"}],"wp:featuredmedia":[{"embeddable":true,"href":"https:\/\/contrastes.com.co\/digital\/wp-json\/wp\/v2\/media\/13401"}],"wp:attachment":[{"href":"https:\/\/contrastes.com.co\/digital\/wp-json\/wp\/v2\/media?parent=13397"}],"wp:term":[{"taxonomy":"category","embeddable":true,"href":"https:\/\/contrastes.com.co\/digital\/wp-json\/wp\/v2\/categories?post=13397"},{"taxonomy":"post_tag","embeddable":true,"href":"https:\/\/contrastes.com.co\/digital\/wp-json\/wp\/v2\/tags?post=13397"}],"curies":[{"name":"wp","href":"https:\/\/api.w.org\/{rel}","templated":true}]}}