{"id":1342,"date":"2020-06-08T22:12:40","date_gmt":"2020-06-09T03:12:40","guid":{"rendered":"https:\/\/contrastes.com.co\/digital\/?p=1342"},"modified":"2020-07-02T23:04:47","modified_gmt":"2020-07-03T04:04:47","slug":"barbarie-en-tiempos-de-la-pandemia-la-insolita-amenaza-de-muerte-contra-un-medico-que-conmueve-a-colombia","status":"publish","type":"post","link":"https:\/\/contrastes.com.co\/digital\/barbarie-en-tiempos-de-la-pandemia-la-insolita-amenaza-de-muerte-contra-un-medico-que-conmueve-a-colombia\/","title":{"rendered":"La ins\u00f3lita amenaza de muerte contra un m\u00e9dico en Soledad"},"content":{"rendered":"<blockquote><p><strong>La amenaza de muerte contra este galeno resume el desconcierto de la Colombia que lucha por ser cada d\u00eda mejor ante un hecho repudiable, que coloca sobre la mesa de an\u00e1lisis, una vez m\u00e1s y lamentablemente, ese aspecto del pa\u00eds que no termina de marcharse, el de la brutalidad, el de la barbarie asesina y mafiosa.<\/strong><\/p><\/blockquote>\n<p><img loading=\"lazy\" decoding=\"async\" class=\"alignleft size-full wp-image-954\" src=\"https:\/\/contrastes.com.co\/digital\/wp-content\/uploads\/2020\/05\/c-capitular.png\" alt=\"c capitular\" width=\"100\" height=\"100\" srcset=\"https:\/\/contrastes.com.co\/digital\/wp-content\/uploads\/2020\/05\/c-capitular.png 100w, https:\/\/contrastes.com.co\/digital\/wp-content\/uploads\/2020\/05\/c-capitular-60x60.png 60w\" sizes=\"auto, (max-width: 100px) 100vw, 100px\" \/>omo en los tiempos de Pablo Escobar u otros mafiosos, cuya conducta ha sido exaltada durante d\u00e9cadas por espectaculares producciones de televisi\u00f3n, al punto de elevarlas a verdaderos paradigmas o arquetipos de la \u00abvida f\u00e1cil\u00bb, regresaron las amenazas p\u00fablicas sin pudor alguno y sin importar las consecuencias que ello traiga; esas intimidaciones no pod\u00edan tener lugar en un espacio de tiempo m\u00e1s doloroso que este, en medio de una emergencia sanitaria y la v\u00edctima del ultim\u00e1tum criminal que hoy nos deja a todos estupefactos no pod\u00eda ser escogida con mayor injusticia, se trata de un m\u00e9dico y justo en medio de una pandemia.<\/p>\n<p><strong>Jos\u00e9 Juli\u00e1n Buelvas Diaz<\/strong>, es un m\u00e9dico internista intensivista que labora en la unidad de cuidados intensivos de la Cl\u00ednica Materno Infantil Adela de Char de Soledad; como parte de una amenaza hac\u00eda su vida y al mejor estilo mafioso, recibi\u00f3 en la fecha dos sufragios o coronas f\u00fanebres, uno en su lugar de trabajo y otro en su residencia, lo acusan, seg\u00fan \u00e9l mismo relata, \u201cde haber dejado morir a una se\u00f1ora en medio de la pandemia\u201d.<\/p>\n<p>El galeno grab\u00f3 el video que acompa\u00f1a esta nota como \u201cun pedido de auxilio; por \u00e9l, por sus compa\u00f1eros y por todos los m\u00e9dicos del pa\u00eds\u201d, que han visto su integridad f\u00edsica amenazada por tratar de cumplir con su labor e intentar salvar vidas en medio de esta in\u00e9dita contingencia que agobia al pa\u00eds y al mundo entero. Pero la pandemia de la COVID-19, que ha cobrado las vidas de casi 400 mil personas en todo el planeta, en Colombia ha servido de pretexto para dejar salir los fantasmas de la intolerancia y la barbarie.<\/p>\n<p>\u201cSalimos todos los d\u00edas a trabajar. No tenemos ni siquiera las condiciones, y a pesar de ello nos enfrentamos a esta pandemia, por Dios hasta cu\u00e1ndo\u201d, dice entre sollozos este profesional de la salud cuya angustia personal resume el desconcierto de la Colombia que lucha cada d\u00eda por ser un mejor pa\u00eds, ante un hecho repudiable, que coloca sobre la mesa de an\u00e1lisis, una vez m\u00e1s y lamentablemente, ese aspecto del pa\u00eds que no termina de marcharse, el de la brutalidad, el de la barbarie asesina y mafiosa, porque eso es lo que plantea este hecho inveros\u00edmil, la existencia a\u00fan en Colombia de sectores que creen en la impunidad y la criminalidad, m\u00e1s all\u00e1 de un supuesto estado de derecho en el que tratamos de vivir o sobrevivir, el resto de los colombianos.<\/p>\n<p>Como corolario el m\u00e9dico recibi\u00f3, adem\u00e1s, una nota exigi\u00e9ndole que renunciara a la cl\u00ednica, advirti\u00e9ndole adem\u00e1s que cuenta con 24 horas para hacerlo. Gran cantidad de voces se han levantado a lo largo y ancho del pa\u00eds para condenar esta conducta y la Polic\u00eda Nacional se encuentra investigando el hecho.<\/p>\n<p><iframe loading=\"lazy\" title=\"La ins\u00f3lita amenaza de muerte contra un m\u00e9dico, que conmueve a Colombia\" width=\"640\" height=\"480\" src=\"https:\/\/www.youtube.com\/embed\/mR7psC5-2kE?feature=oembed\" frameborder=\"0\" allow=\"accelerometer; autoplay; clipboard-write; encrypted-media; gyroscope; picture-in-picture; web-share\" referrerpolicy=\"strict-origin-when-cross-origin\" allowfullscreen><\/iframe><\/p>\n<p><img loading=\"lazy\" decoding=\"async\" class=\"alignleft size-full wp-image-1344\" src=\"https:\/\/contrastes.com.co\/digital\/wp-content\/uploads\/2020\/06\/ultimatum.jpg\" alt=\"ultimatum\" width=\"975\" height=\"1310\" srcset=\"https:\/\/contrastes.com.co\/digital\/wp-content\/uploads\/2020\/06\/ultimatum.jpg 975w, https:\/\/contrastes.com.co\/digital\/wp-content\/uploads\/2020\/06\/ultimatum-223x300.jpg 223w, https:\/\/contrastes.com.co\/digital\/wp-content\/uploads\/2020\/06\/ultimatum-762x1024.jpg 762w, https:\/\/contrastes.com.co\/digital\/wp-content\/uploads\/2020\/06\/ultimatum-768x1032.jpg 768w, https:\/\/contrastes.com.co\/digital\/wp-content\/uploads\/2020\/06\/ultimatum-45x60.jpg 45w\" sizes=\"auto, (max-width: 975px) 100vw, 975px\" \/><\/p>\n","protected":false},"excerpt":{"rendered":"<p>La amenaza de muerte contra este galeno resume el desconcierto de la Colombia que lucha por ser cada d\u00eda mejor ante un hecho repudiable, que coloca sobre la mesa de an\u00e1lisis, una vez m\u00e1s y lamentablemente, ese aspecto del pa\u00eds que no termina de marcharse, el de la brutalidad, el de la barbarie asesina y [&hellip;]<\/p>\n","protected":false},"author":1,"featured_media":1343,"comment_status":"open","ping_status":"open","sticky":false,"template":"","format":"standard","meta":{"footnotes":""},"categories":[85,70,10,235,113],"tags":[518,514,516,512,513,517,515],"class_list":["post-1342","post","type-post","status-publish","format-standard","has-post-thumbnail","hentry","category-analisis","category-coronavirus","category-judicial","category-opinion","category-personajes","tag-amenaza","tag-amenaza-de-muerte","tag-corona-funebre","tag-jose-julian-buelvas-diaz","tag-medico","tag-sufragios","tag-ultimatum"],"_links":{"self":[{"href":"https:\/\/contrastes.com.co\/digital\/wp-json\/wp\/v2\/posts\/1342","targetHints":{"allow":["GET"]}}],"collection":[{"href":"https:\/\/contrastes.com.co\/digital\/wp-json\/wp\/v2\/posts"}],"about":[{"href":"https:\/\/contrastes.com.co\/digital\/wp-json\/wp\/v2\/types\/post"}],"author":[{"embeddable":true,"href":"https:\/\/contrastes.com.co\/digital\/wp-json\/wp\/v2\/users\/1"}],"replies":[{"embeddable":true,"href":"https:\/\/contrastes.com.co\/digital\/wp-json\/wp\/v2\/comments?post=1342"}],"version-history":[{"count":3,"href":"https:\/\/contrastes.com.co\/digital\/wp-json\/wp\/v2\/posts\/1342\/revisions"}],"predecessor-version":[{"id":1649,"href":"https:\/\/contrastes.com.co\/digital\/wp-json\/wp\/v2\/posts\/1342\/revisions\/1649"}],"wp:featuredmedia":[{"embeddable":true,"href":"https:\/\/contrastes.com.co\/digital\/wp-json\/wp\/v2\/media\/1343"}],"wp:attachment":[{"href":"https:\/\/contrastes.com.co\/digital\/wp-json\/wp\/v2\/media?parent=1342"}],"wp:term":[{"taxonomy":"category","embeddable":true,"href":"https:\/\/contrastes.com.co\/digital\/wp-json\/wp\/v2\/categories?post=1342"},{"taxonomy":"post_tag","embeddable":true,"href":"https:\/\/contrastes.com.co\/digital\/wp-json\/wp\/v2\/tags?post=1342"}],"curies":[{"name":"wp","href":"https:\/\/api.w.org\/{rel}","templated":true}]}}