{"id":13479,"date":"2023-03-02T12:33:23","date_gmt":"2023-03-02T17:33:23","guid":{"rendered":"https:\/\/contrastes.com.co\/digital\/?p=13479"},"modified":"2023-03-03T12:48:12","modified_gmt":"2023-03-03T17:48:12","slug":"colombia-hoy-radio-jueves-2-de-marzo-de-2023","status":"publish","type":"post","link":"https:\/\/contrastes.com.co\/digital\/colombia-hoy-radio-jueves-2-de-marzo-de-2023\/","title":{"rendered":"Colombia Hoy Radio (jueves 2 de marzo de 2023)"},"content":{"rendered":"<p><strong>Colombia Hoy Radio (jueves 2 de marzo de 2023)<\/strong><\/p>\n<p><img loading=\"lazy\" decoding=\"async\" class=\"alignleft wp-image-8529\" src=\"https:\/\/contrastes.com.co\/digital\/wp-content\/uploads\/2022\/03\/e-capitular.png\" alt=\"e capitular\" width=\"83\" height=\"83\" srcset=\"https:\/\/contrastes.com.co\/digital\/wp-content\/uploads\/2022\/03\/e-capitular.png 150w, https:\/\/contrastes.com.co\/digital\/wp-content\/uploads\/2022\/03\/e-capitular-60x60.png 60w\" sizes=\"auto, (max-width: 83px) 100vw, 83px\" \/>ste es el Informativo de los colombianos: <strong>Colombia Hoy Radio, correspondiente al jueves 2 de marzo de 2023<\/strong>. La noticia directamente de donde sale,<strong> Informativo Colombia Hoy para estar verdaderamente informados.<\/strong> La voz de los colombianos desde cada rinc\u00f3n del pa\u00eds. Y contrastes.com.co se suma a esta iniciativa del gobierno nacional y el Ministerio de Tecnolog\u00edas. Cada d\u00eda estaremos emitiendo el Informativo Colombia Hoy porque somos el enlace para Soledad y el Atl\u00e1ntico\u2026<\/p>\n<p><iframe loading=\"lazy\" title=\"Colombia Hoy Radio, 2 de marzo de 2023\" width=\"640\" height=\"360\" src=\"https:\/\/www.youtube.com\/embed\/XaoBdwVDET0?feature=oembed\" frameborder=\"0\" allow=\"accelerometer; autoplay; clipboard-write; encrypted-media; gyroscope; picture-in-picture; web-share\" referrerpolicy=\"strict-origin-when-cross-origin\" allowfullscreen><\/iframe><\/p>\n<p>&nbsp;<\/p>\n","protected":false},"excerpt":{"rendered":"<p>Este es el Informativo de los colombianos: Colombia Hoy Radio, correspondiente al jueves 2 de marzo de 2023. La noticia directamente de donde sale, Informativo Colombia Hoy para estar verdaderamente informados. La voz de los colombianos desde cada rinc\u00f3n del pa\u00eds. Y contrastes.com.co se suma a esta iniciativa del gobierno nacional y el Ministerio de Tecnolog\u00edas. Cada d\u00eda estaremos emitiendo el Informativo Colombia Hoy porque somos el enlace para Soledad y el Atl\u00e1ntico\u2026<\/p>\n","protected":false},"author":1,"featured_media":13480,"comment_status":"open","ping_status":"open","sticky":false,"template":"","format":"standard","meta":{"footnotes":""},"categories":[4,4995],"tags":[8862,8857,8931,3841,4999],"class_list":["post-13479","post","type-post","status-publish","format-standard","has-post-thumbnail","hentry","category-pais","category-television-web","tag-contrastes-television","tag-informativo-colombia-hoy","tag-noticias-nacionales","tag-presidencia-de-la-republica","tag-television-web"],"_links":{"self":[{"href":"https:\/\/contrastes.com.co\/digital\/wp-json\/wp\/v2\/posts\/13479","targetHints":{"allow":["GET"]}}],"collection":[{"href":"https:\/\/contrastes.com.co\/digital\/wp-json\/wp\/v2\/posts"}],"about":[{"href":"https:\/\/contrastes.com.co\/digital\/wp-json\/wp\/v2\/types\/post"}],"author":[{"embeddable":true,"href":"https:\/\/contrastes.com.co\/digital\/wp-json\/wp\/v2\/users\/1"}],"replies":[{"embeddable":true,"href":"https:\/\/contrastes.com.co\/digital\/wp-json\/wp\/v2\/comments?post=13479"}],"version-history":[{"count":1,"href":"https:\/\/contrastes.com.co\/digital\/wp-json\/wp\/v2\/posts\/13479\/revisions"}],"predecessor-version":[{"id":13481,"href":"https:\/\/contrastes.com.co\/digital\/wp-json\/wp\/v2\/posts\/13479\/revisions\/13481"}],"wp:featuredmedia":[{"embeddable":true,"href":"https:\/\/contrastes.com.co\/digital\/wp-json\/wp\/v2\/media\/13480"}],"wp:attachment":[{"href":"https:\/\/contrastes.com.co\/digital\/wp-json\/wp\/v2\/media?parent=13479"}],"wp:term":[{"taxonomy":"category","embeddable":true,"href":"https:\/\/contrastes.com.co\/digital\/wp-json\/wp\/v2\/categories?post=13479"},{"taxonomy":"post_tag","embeddable":true,"href":"https:\/\/contrastes.com.co\/digital\/wp-json\/wp\/v2\/tags?post=13479"}],"curies":[{"name":"wp","href":"https:\/\/api.w.org\/{rel}","templated":true}]}}