{"id":13490,"date":"2023-03-05T12:17:05","date_gmt":"2023-03-05T17:17:05","guid":{"rendered":"https:\/\/contrastes.com.co\/digital\/?p=13490"},"modified":"2023-03-06T12:28:30","modified_gmt":"2023-03-06T17:28:30","slug":"gobierno-extiende-un-ano-el-plazo-para-solicitar-la-actualizacion-de-la-encuesta-sisben-iv","status":"publish","type":"post","link":"https:\/\/contrastes.com.co\/digital\/gobierno-extiende-un-ano-el-plazo-para-solicitar-la-actualizacion-de-la-encuesta-sisben-iv\/","title":{"rendered":"Gobierno extiende un a\u00f1o el plazo para solicitar la actualizaci\u00f3n de la encuesta Sisb\u00e9n IV"},"content":{"rendered":"<p><strong>Gobierno extiende un a\u00f1o el plazo para solicitar la actualizaci\u00f3n de la encuesta Sisb\u00e9n IV<\/strong><\/p>\n<blockquote><p><strong>\u200bEl Departamento Nacional de Planeaci\u00f3n (DNP) invita a la ciudadan\u00eda a acercarse a los puntos de atenci\u00f3n de sus municipios para solicitar la encuesta.<\/strong><\/p><\/blockquote>\n<p><img loading=\"lazy\" decoding=\"async\" class=\"alignleft  wp-image-8529\" src=\"https:\/\/contrastes.com.co\/digital\/wp-content\/uploads\/2022\/03\/e-capitular.png\" alt=\"e capitular\" width=\"84\" height=\"84\" srcset=\"https:\/\/contrastes.com.co\/digital\/wp-content\/uploads\/2022\/03\/e-capitular.png 150w, https:\/\/contrastes.com.co\/digital\/wp-content\/uploads\/2022\/03\/e-capitular-60x60.png 60w\" sizes=\"auto, (max-width: 84px) 100vw, 84px\" \/>l Gobierno Nacional, a trav\u00e9s del Departamento Nacional de Planeaci\u00f3n inform\u00f3 en la fecha que se extender\u00e1 durante un a\u00f1o el plazo para solicitar la actualizaci\u00f3n de la encuesta Sisb\u00e9n IV cuyo plazo venc\u00eda este domingo 5 de marzo pero cuyo proceso no se hab\u00eda complementado en buena parte del pa\u00eds. En tal sentido el subdirector General de Prospectiva y Desarrollo Nacional del DNP, Juan Miguel Gallego, invit\u00f3 a la ciudadan\u00eda a solicitar la encuesta Sisb\u00e9n IV con el fin de lograr avanzar en este proceso de transici\u00f3n de la forma m\u00e1s ordenada. \u201cEs importante aclarar que el sistema de salud en el r\u00e9gimen subsidiado garantiza la prestaci\u00f3n del servicio y no es cierto que se puedan desvincular por no actualizar los datos en el Sisb\u00e9n\u201d, anot\u00f3.<\/p>\n<figure id=\"attachment_13496\" aria-describedby=\"caption-attachment-13496\" style=\"width: 1200px\" class=\"wp-caption aligncenter\"><img loading=\"lazy\" decoding=\"async\" class=\"wp-image-13496 size-full\" src=\"https:\/\/contrastes.com.co\/digital\/wp-content\/uploads\/2023\/03\/sisbeniv.jpg\" alt=\"sisbeniv23\" width=\"1200\" height=\"783\" srcset=\"https:\/\/contrastes.com.co\/digital\/wp-content\/uploads\/2023\/03\/sisbeniv.jpg 1200w, https:\/\/contrastes.com.co\/digital\/wp-content\/uploads\/2023\/03\/sisbeniv-300x196.jpg 300w, https:\/\/contrastes.com.co\/digital\/wp-content\/uploads\/2023\/03\/sisbeniv-1024x668.jpg 1024w, https:\/\/contrastes.com.co\/digital\/wp-content\/uploads\/2023\/03\/sisbeniv-768x501.jpg 768w\" sizes=\"auto, (max-width: 1200px) 100vw, 1200px\" \/><figcaption id=\"caption-attachment-13496\" class=\"wp-caption-text\">Con el \u00e1nimo de garantizar la continuidad del servicio de los afiliados en el Sistema General de Seguridad Social en Salud, el Gobierno nacional extendi\u00f3 un a\u00f1o el plazo a la ciudadan\u00eda que est\u00e1 en el R\u00e9gimen Subsidiado para que puedan solicitar la encuesta Sisb\u00e9n IV.<\/figcaption><\/figure>\n<p>Es importante aclarar que las personas afiliadas al <strong>R\u00e9gimen Subsidiado en Salud<\/strong> no se encuentran en riesgo de quedar sin la prestaci\u00f3n del servicio ya que la Ley protege y garantiza el acceso al derecho fundamental de la salud de la poblaci\u00f3n que est\u00e1 en el r\u00e9gimen subsidiado.\u200b<\/p>\n<p>Gallego agreg\u00f3 que las personas que ya cuentan con su encuesta de Sisb\u00e9n IV no tienen que solicitarla de nuevo.<\/p>\n<p>En conjunto con el Ministerio de Salud y Protecci\u00f3n Social, el DNP desarroll\u00f3 una estrategia de monitoreo para que las Secretar\u00edas de Salud de los municipios ejecuten acciones pedag\u00f3gicas para incentivar la solicitud de la encuesta y su aplicaci\u00f3n.<\/p>\n<p>&nbsp;<\/p>\n","protected":false},"excerpt":{"rendered":"<p>Es importante aclarar que las personas afiliadas al R\u00e9gimen Subsidiado en Salud no se encuentran en riesgo de quedar sin la prestaci\u00f3n del servicio ya que la Ley protege y garantiza el acceso al derecho fundamental de la salud de la poblaci\u00f3n que est\u00e1 en el r\u00e9gimen subsidiado.\u200b<\/p>\n","protected":false},"author":1,"featured_media":13495,"comment_status":"open","ping_status":"open","sticky":false,"template":"","format":"standard","meta":{"footnotes":""},"categories":[2,4,6,5092,1],"tags":[9013,3248,557,1182,1361],"class_list":["post-13490","post","type-post","status-publish","format-standard","has-post-thumbnail","hentry","category-locales","category-pais","category-region","category-subsidios-y-beneficios","category-uncategorized","tag-actualizacion-de-la-encuesta","tag-encuesta-sisben-iv","tag-gobierno-nacional","tag-plazo","tag-regimen-subsidiado-en-salud"],"_links":{"self":[{"href":"https:\/\/contrastes.com.co\/digital\/wp-json\/wp\/v2\/posts\/13490","targetHints":{"allow":["GET"]}}],"collection":[{"href":"https:\/\/contrastes.com.co\/digital\/wp-json\/wp\/v2\/posts"}],"about":[{"href":"https:\/\/contrastes.com.co\/digital\/wp-json\/wp\/v2\/types\/post"}],"author":[{"embeddable":true,"href":"https:\/\/contrastes.com.co\/digital\/wp-json\/wp\/v2\/users\/1"}],"replies":[{"embeddable":true,"href":"https:\/\/contrastes.com.co\/digital\/wp-json\/wp\/v2\/comments?post=13490"}],"version-history":[{"count":2,"href":"https:\/\/contrastes.com.co\/digital\/wp-json\/wp\/v2\/posts\/13490\/revisions"}],"predecessor-version":[{"id":13497,"href":"https:\/\/contrastes.com.co\/digital\/wp-json\/wp\/v2\/posts\/13490\/revisions\/13497"}],"wp:featuredmedia":[{"embeddable":true,"href":"https:\/\/contrastes.com.co\/digital\/wp-json\/wp\/v2\/media\/13495"}],"wp:attachment":[{"href":"https:\/\/contrastes.com.co\/digital\/wp-json\/wp\/v2\/media?parent=13490"}],"wp:term":[{"taxonomy":"category","embeddable":true,"href":"https:\/\/contrastes.com.co\/digital\/wp-json\/wp\/v2\/categories?post=13490"},{"taxonomy":"post_tag","embeddable":true,"href":"https:\/\/contrastes.com.co\/digital\/wp-json\/wp\/v2\/tags?post=13490"}],"curies":[{"name":"wp","href":"https:\/\/api.w.org\/{rel}","templated":true}]}}