{"id":13559,"date":"2023-03-09T07:56:02","date_gmt":"2023-03-09T12:56:02","guid":{"rendered":"https:\/\/contrastes.com.co\/digital\/?p=13559"},"modified":"2023-03-10T07:56:44","modified_gmt":"2023-03-10T12:56:44","slug":"soledad-comienza-a-trabajar-el-sentido-de-pertenencia-desde-las-instituciones-educativas","status":"publish","type":"post","link":"https:\/\/contrastes.com.co\/digital\/soledad-comienza-a-trabajar-el-sentido-de-pertenencia-desde-las-instituciones-educativas\/","title":{"rendered":"Soledad comienza a trabajar el sentido de pertenencia desde las Instituciones Educativas"},"content":{"rendered":"<p><strong>*Soledad comienza a trabajar el sentido de pertenencia desde las Instituciones Educativas<\/strong><\/p>\n<blockquote><p><strong>\u201cSiempre he pensado que en la educaci\u00f3n est\u00e1 la clave del progreso, y all\u00ed ha estado una de nuestras apuestas; por ello, no es fortuito que hayamos escogido a la Instituci\u00f3n Educativa \u2018Eufemia de Benedetti\u2019, con una gran tradici\u00f3n en la formaci\u00f3n de nuestros conciudadanos, para celebrar nuestro aniversario\u201d: Rodolfo Ucr\u00f3s Rosales.<\/strong><\/p><\/blockquote>\n<p><strong><img loading=\"lazy\" decoding=\"async\" class=\"alignleft wp-image-8529\" src=\"https:\/\/contrastes.com.co\/digital\/wp-content\/uploads\/2022\/03\/e-capitular.png\" alt=\"e capitular\" width=\"58\" height=\"58\" srcset=\"https:\/\/contrastes.com.co\/digital\/wp-content\/uploads\/2022\/03\/e-capitular.png 150w, https:\/\/contrastes.com.co\/digital\/wp-content\/uploads\/2022\/03\/e-capitular-60x60.png 60w\" sizes=\"auto, (max-width: 58px) 100vw, 58px\" \/>l alcalde Rodolfo Ucr\u00f3s Rosales<\/strong> se\u00f1al\u00f3 que en el municipio los ni\u00f1os, ni\u00f1as, adolescentes y j\u00f3venes ser\u00e1n educados fieles a sus tradiciones culturales, durante el<strong> lanzamiento de la &#8216;C\u00e1tedra Historia de Soledad&#8217;<\/strong>, realizado en el marco de la celebraci\u00f3n de los 209 a\u00f1os del municipio.<\/p>\n<p>\u201cSiempre he pensado que en la educaci\u00f3n est\u00e1 la clave del progreso, y all\u00ed ha estado una de nuestras apuestas; por ello, no es fortuito que hayamos escogido a la <strong>Instituci\u00f3n Educativa \u2018Eufemia de Benedetti\u2019,<\/strong> con una gran tradici\u00f3n en la formaci\u00f3n de nuestros conciudadanos, para celebrar nuestro aniversario\u201d, expres\u00f3 el burgomaestre.<\/p>\n<p>El gobernante solede\u00f1o exalt\u00f3 tambi\u00e9n los cinco patrimonios del municipio, como son la d\u00e9cima, el merecumb\u00e9, el templo San Antonio de Padua, el Museo Bolivariano y la butifarra. As\u00ed mismo, felicit\u00f3 a las mujeres en su d\u00eda \u201cpor hacer de nuestra tierra un lugar mejor; quiero motivarlas a continuar con esta lucha emprendida ya hace mucho tiempo por el reconocimiento de sus derechos, una deuda hist\u00f3rica de la humanidad\u201d, dijo Ucr\u00f3s Rosales.<\/p>\n<p>Por su parte, la <strong>secretaria de Educaci\u00f3n municipal, Aida Ojeda Vega,<\/strong> explic\u00f3 que, adem\u00e1s de la C\u00e1tedra Historia de Soledad, existen otros proyectos de aprendizaje: el biling\u00fcismo, la lectura como eje transversal del conocimiento, la formaci\u00f3n para ni\u00f1os y ni\u00f1as de tres y cuatro a\u00f1os en los planteles educativos, el fortalecimiento de la Educaci\u00f3n Media, l\u00edderes pedag\u00f3gicos, donde los docentes con estudios m\u00e1s avanzados brindar\u00e1n asesor\u00edas a sus pares.<\/p>\n<p>\u201cEn el eje construcci\u00f3n de identidad, tenemos varios proyectos, uno de ellos es la emisora digital que ya est\u00e1 prestando servicio, reconocimiento de la d\u00e9cima como parte de nuestra identidad, la <strong>&#8216;C\u00e1tedra Historia de Soledad&#8217;<\/strong> y &#8216;Soledad r\u00edo y mar, un canto de identidad&#8217;, liderado por profesores de m\u00fasica de las diferentes instituciones educativas oficiales de Soledad\u201d, puntualiz\u00f3 Ojeda Vega.<\/p>\n<p>Como invitados especiales estuvieron el decano del programa de Historia, <strong>Luis Alfonso Alarc\u00f3n Meneses, y el director de Sociolog\u00eda de la Universidad del Atl\u00e1ntico, Edimer Latorre Iglesias.<\/strong><\/p>\n<p>Alarc\u00f3n Meneses explic\u00f3 que la C\u00e1tedra Historia de Soledad se define como un elemento identitario, de sentido de pertenencia. \u201cNuestro acompa\u00f1amiento apunta fundamentalmente a orientar un proceso que los ni\u00f1os solede\u00f1os desde las instituciones educativas deben construir, es decir, no ser\u00e1 un conocimiento impuesto por nosotros, sino un trabajo mancomunado con la comunidad, lo que incluye a padres de familia\u201d, indic\u00f3 el decano.<\/p>\n<p>El acto de cierre estuvo en manos de un grupo de docentes de m\u00fasica, l\u00edderes del proyecto \u2018Soledad r\u00edo y mar, un canto de identidad\u2019, quienes deleitaron a los asistentes con un variado repertorio musical.<\/p>\n<p>El evento cont\u00f3 tambi\u00e9n con la asistencia de los secretarios del Despacho Municipal, jefes de dependencias, miembros de las Fuerzas Militares, l\u00edderes comunales, integrantes de los consejos juveniles, gestores y hacedores culturales, periodistas y comunidad\u00a0general.<\/p>\n","protected":false},"excerpt":{"rendered":"<p>El alcalde Rodolfo Ucr\u00f3s Rosales se\u00f1al\u00f3 que en el municipio los ni\u00f1os, ni\u00f1as, adolescentes y j\u00f3venes ser\u00e1n educados fieles a sus tradiciones culturales, durante el lanzamiento de la C\u00e1tedra Historia de Soledad, realizado en el marco de la celebraci\u00f3n de los 209 a\u00f1os del municipio.<\/p>\n","protected":false},"author":1,"featured_media":13566,"comment_status":"open","ping_status":"open","sticky":false,"template":"","format":"standard","meta":{"footnotes":""},"categories":[7475,163,2],"tags":[3520,131,2814,9033,781,38,1848,4738],"class_list":["post-13559","post","type-post","status-publish","format-standard","has-post-thumbnail","hentry","category-cultura-ciudadana","category-educacion","category-locales","tag-aida-ojeda-vega","tag-alcalde-de-soledad","tag-aniversario-de-soledad","tag-catedra-soledad","tag-celebracion","tag-municipio-de-soledad","tag-rodolfo-ucros-rosales","tag-secretaria-de-educacion-municipal"],"_links":{"self":[{"href":"https:\/\/contrastes.com.co\/digital\/wp-json\/wp\/v2\/posts\/13559","targetHints":{"allow":["GET"]}}],"collection":[{"href":"https:\/\/contrastes.com.co\/digital\/wp-json\/wp\/v2\/posts"}],"about":[{"href":"https:\/\/contrastes.com.co\/digital\/wp-json\/wp\/v2\/types\/post"}],"author":[{"embeddable":true,"href":"https:\/\/contrastes.com.co\/digital\/wp-json\/wp\/v2\/users\/1"}],"replies":[{"embeddable":true,"href":"https:\/\/contrastes.com.co\/digital\/wp-json\/wp\/v2\/comments?post=13559"}],"version-history":[{"count":2,"href":"https:\/\/contrastes.com.co\/digital\/wp-json\/wp\/v2\/posts\/13559\/revisions"}],"predecessor-version":[{"id":13567,"href":"https:\/\/contrastes.com.co\/digital\/wp-json\/wp\/v2\/posts\/13559\/revisions\/13567"}],"wp:featuredmedia":[{"embeddable":true,"href":"https:\/\/contrastes.com.co\/digital\/wp-json\/wp\/v2\/media\/13566"}],"wp:attachment":[{"href":"https:\/\/contrastes.com.co\/digital\/wp-json\/wp\/v2\/media?parent=13559"}],"wp:term":[{"taxonomy":"category","embeddable":true,"href":"https:\/\/contrastes.com.co\/digital\/wp-json\/wp\/v2\/categories?post=13559"},{"taxonomy":"post_tag","embeddable":true,"href":"https:\/\/contrastes.com.co\/digital\/wp-json\/wp\/v2\/tags?post=13559"}],"curies":[{"name":"wp","href":"https:\/\/api.w.org\/{rel}","templated":true}]}}